{"id":75129,"date":"2026-04-30T14:29:40","date_gmt":"2026-04-30T12:29:40","guid":{"rendered":"https:\/\/dunkerquelenergiecreative.fr\/?p=75129"},"modified":"2026-04-30T14:29:42","modified_gmt":"2026-04-30T12:29:42","slug":"gravelines-snf-launches-the-expansion-of-its-production-site","status":"publish","type":"post","link":"https:\/\/dunkerquelenergiecreative.fr\/en\/news\/gravelines-snf-launches-the-expansion-of-its-production-site\/","title":{"rendered":"GRAVELINES: SNF LAUNCHES THE EXPANSION OF ITS PRODUCTION SITE"},"content":{"rendered":"\n\n<section class=\"blc-hero-sm c-head\" id='4cf042afe8a8d944285f6f9b10899ca2'>\n\t<div class=\"c-head__bg decal__bg\">\n\t\t<img decoding=\"async\" data-aos=\"fade\" alt=\"snf flocryl\" src=\"https:\/\/dunkerquelenergiecreative.fr\/wp-content\/uploads\/2022\/05\/SNF.png\" srcset=\"https:\/\/dunkerquelenergiecreative.fr\/wp-content\/uploads\/2022\/05\/SNF-300x169.png 300w, https:\/\/dunkerquelenergiecreative.fr\/wp-content\/uploads\/2022\/05\/SNF-1024x576.png 1024w, https:\/\/dunkerquelenergiecreative.fr\/wp-content\/uploads\/2022\/05\/SNF-768x432.png 768w, https:\/\/dunkerquelenergiecreative.fr\/wp-content\/uploads\/2022\/05\/SNF.png 1350w\" sizes=\"(min-width: 1200px) 1080px, (min-width: 1400px) 1260px, (min-width: 1600px) 1440px, 100vw\">\t\t\t<\/div>\n\t<div class=\"o-wrapper\">\n\t\t<div class=\"c-head__box c-head__box--smaller\">\n\t\t\t<div class=\"c-head__wrap\" data-aos=\"fade-left\">\n\t\t\t\t<div class=\"c-breadcrumbs\"><span><span><a href=\"https:\/\/dunkerquelenergiecreative.fr\/en\/\">Home<\/a><\/span><\/span><\/div>\n\t\t\t\t\t\t\t<\/div>\n\t\t\t\t\t\t\t<h1 class=\"u-h2 c-head__title\" data-aos=\"fade-left\" data-aos-delay=\"100\" class=\"u-h2 c-head__title\" data-aos=\"fade-left\" data-aos-delay=\"100\" id=\"gravelines-snf-launches-the-expansion-of-its-production-site\">GRAVELINES: SNF LAUNCHES THE EXPANSION OF ITS PRODUCTION SITE<\/h1>\n\t\t\t\t\t\t\t\t<\/div>\n\t<\/div>\n<\/section>\n\n\n\n\r\n\r\n<section class=\"blc-content-post\" id=\"f49f00d551cb1338ea2c562a7ad1d182\">\r\n\t<div class=\"c-head c-head--single\">\r\n\t\t<div class=\"o-wrapper\">\r\n\t\t\t<div class=\"c-head__box\">\r\n\t\t\t\t\t\t\t\t\t<div class=\"c-post\" data-sticky-container>\r\n\t\t\t\t\t\t<div class=\"c-post__content\">\r\n\t\t\t\t\t\t\t<h1 class=\"u-h1 c-post__title\" class=\"u-h1 c-post__title\" id=\"gravelines-snf-launches-the-expansion-of-its-production-site\">GRAVELINES: SNF LAUNCHES THE EXPANSION OF ITS PRODUCTION SITE<\/h1>\r\n\t\t\t\t\t\t\t<ul class=\"c-post__tags\">\r\n\t\t\t\t\t\t\t\t\t\t\t\t\t\t\t\t\t\t\t\t\t\t\t\t\t\t\t<li><span>#Companies<\/span><\/li>\r\n\t\t\t\t\t\t\t\t\t\t\t\t\t\t\t\t\t\t\t<li><span>#Residents and future residents<\/span><\/li>\r\n\t\t\t\t\t\t\t\t\t\t\t\t\t\t\t\t\t\t\t\t\t\t\t\t\t\t\t\t\t\t\t\t<\/ul>\r\n\t\t\t\t\t\t\t<div class=\"c-post__metas\">\r\n\t\t\t\t\t\t\t\t<div class=\"c-post__date\">Published on 30 April 2026<\/div>\r\n\t\t\t\t\t\t\t\t<div class=\"c-post__share\"><span>Partager l&#039;article :<\/span>\r\n\t\t\t\t\t\t\t\t\t<ul class=\"c-social\">\n<li><a href=\"https:\/\/api.whatsapp.com\/send?text=https:\/\/dunkerquelenergiecreative.fr\/en\/news\/gravelines-snf-launches-the-expansion-of-its-production-site\/\" target=\"_blank\" onclick=\"javascript:window.open(this.href, '', 'menubar=no,toolbar=no,resizable=yes,scrollbars=yes,height=600,width=600');return false;\" title=\"Whatsapp\"><i class=\"o-icon-whatsapp\"><\/i><\/a><\/li>\n<li><a href=\"mailto:?subject=GRAVELINES: SNF LAUNCHES THE EXPANSION OF ITS PRODUCTION SITE&amp;body=https:\/\/dunkerquelenergiecreative.fr\/en\/news\/gravelines-snf-launches-the-expansion-of-its-production-site\/\" title=\"Email\"><i class=\"o-icon-email\"><\/i><span><\/span><\/a><\/li>\n<li><a href=\"https:\/\/twitter.com\/share?url=https:\/\/dunkerquelenergiecreative.fr\/en\/news\/gravelines-snf-launches-the-expansion-of-its-production-site\/&#038;text=GRAVELINES: SNF LAUNCHES THE EXPANSION OF ITS PRODUCTION SITE\" target=\"_blank\" onclick=\"javascript:window.open(this.href, '', 'menubar=no,toolbar=no,resizable=yes,scrollbars=yes,height=600,width=600');return false;\" title=\"Twitter\"><i class=\"o-icon-twitter\"><\/i><\/a><\/li>\n<li><a href=\"https:\/\/www.linkedin.com\/shareArticle?mini=true&#038;url=https:\/\/dunkerquelenergiecreative.fr\/en\/news\/gravelines-snf-launches-the-expansion-of-its-production-site\/&#038;title=GRAVELINES: SNF LAUNCHES THE EXPANSION OF ITS PRODUCTION SITE\" target=\"_blank\" onclick=\"javascript:window.open(this.href, '', 'menubar=no,toolbar=no,resizable=yes,scrollbars=yes,height=600,width=600');return false;\" title=\"Linkedin\"><i class=\"o-icon-linkedin\"><\/i><\/a><\/li>\n<li><a href=\"https:\/\/www.facebook.com\/sharer\/sharer.php?u=https:\/\/dunkerquelenergiecreative.fr\/en\/news\/gravelines-snf-launches-the-expansion-of-its-production-site\/&#038;t=GRAVELINES: SNF LAUNCHES THE EXPANSION OF ITS PRODUCTION SITE\" target=\"_blank\" onclick=\"javascript:window.open(this.href, '', 'menubar=no,toolbar=no,resizable=yes,scrollbars=yes,height=600,width=600');return false;\" title=\"Facebook\"><i class=\"o-icon-facebook\"><\/i><\/a><\/li><\/ul>\r\n\t\t\t\t\t\t\t\t<\/div>\r\n\t\t\t\t\t\t\t<\/div>\r\n\t\t\t\t\t\t\t\t\t\t\t\t\t\t<div class=\"c-wysiwyg\"><h1 id=\"a-major-industrial-project-in-the-hauts-de-france-region\">A MAJOR INDUSTRIAL PROJECT IN THE HAUTS-DE-FRANCE REGION<\/h3>\n<p>The <a href=\"https:\/\/www.snf.com\/\" target=\"_blank\" rel=\"noopener\">SNF Group<\/a>, a global player in the chemical industry specialising in polymers for water treatment, is continuing to expand in France. In Gravelines, the company is embarking on a new phase of expansion at its production site, thereby strengthening its presence in the Hauts-de-France region.<\/p>\n<p><img decoding=\"async\" class=\"aligncenter wp-image-75119 size-large\" src=\"https:\/\/dunkerquelenergiecreative.fr\/wp-content\/uploads\/2026\/04\/GENERAL-1_15-1024x575.jpg\" alt=\"\" width=\"1024\" height=\"575\" srcset=\"https:\/\/dunkerquelenergiecreative.fr\/wp-content\/uploads\/2026\/04\/GENERAL-1_15-1024x575.jpg 1024w, https:\/\/dunkerquelenergiecreative.fr\/wp-content\/uploads\/2026\/04\/GENERAL-1_15-300x169.jpg 300w, https:\/\/dunkerquelenergiecreative.fr\/wp-content\/uploads\/2026\/04\/GENERAL-1_15-768x432.jpg 768w, https:\/\/dunkerquelenergiecreative.fr\/wp-content\/uploads\/2026\/04\/GENERAL-1_15-1536x863.jpg 1536w, https:\/\/dunkerquelenergiecreative.fr\/wp-content\/uploads\/2026\/04\/GENERAL-1_15.jpg 1582w\" sizes=\"(max-width: 1024px) 100vw, 1024px\" \/><\/p>\n<p>This industrial project confirms the growing importance of the site, which is already a strategic hub for the production of monomers used in the manufacture of water treatment solutions.<\/p>\n<h3 id=\"a-e60-million-investment-in-gravelines\">A \u20ac60 MILLION INVESTMENT IN GRAVELINES<\/h3>\n<p>The expansion of the SNF site represents an estimated investment of 60 million euros. This funding is intended to increase production capacity in order to meet rapidly growing global demand in the water treatment sector.<br \/>\nThis development is part of a long-term industrial strategy designed to support market developments and secure production chains in Europe.<\/p>\n<h3 id=\"what-will-be-the-impact-on-job-creation-and-the-local-economy\">WHAT WILL BE THE IMPACT ON JOB CREATION AND THE LOCAL ECONOMY ?<\/h3>\n<p>Beyond the industrial implications, this expansion of the SNF site in Gravelines will have a direct impact on the local economy.<br \/>\nThe project is expected to create around 40 additional jobs. Across the Dunkirk region, it contributes to the reindustrialisation drive and the economic appeal of the port area.<\/p>\n<h3 id=\"why-is-the-gravelines-site-strategic-for-snf\">WHY IS THE GRAVELINES SITE STRATEGIC FOR SNF ?<\/h3>\n<p>Located in a key industrial zone on the northern coast, the Gravelines site occupies a strategic position for SNF. It forms part of a European production network where locally manufactured monomers are subsequently transformed into polymers used in numerous industrial applications.<br \/>\nThis choice of location is largely driven by strong logistical considerations, as <strong>Philippe Fanucci<\/strong> highlights in his <a href=\"https:\/\/dunkerquelenergiecreative.fr\/temoignages\/philippe-fanucci-snf-flocryl\/\" target=\"_blank\" rel=\"noopener\">testimony<\/a> :<\/p>\n<blockquote>\n<p>\u201cDunkirk emerged as the best solution. Indeed, here we are close to Rotterdam, from where our main raw material arrives.\u201d<\/p>\n<\/blockquote>\n<p>This geographical positioning enhances the site\u2019s appeal, particularly thanks to its proximity to major European logistics hubs such as Rotterdam.<br \/>\nThe site was designed from the outset to evolve gradually, in line with the needs of the global market and the region\u2019s logistics capabilities.<\/p>\n<h3 id=\"industrial-momentum-in-the-dunkerque-area\">INDUSTRIAL MOMENTUM IN THE DUNKERQUE AREA<\/h3>\n<p>This expansion forms part of a wider trend of industrial development in the Dunkirk area and the Hauts-de-France region. The region is attracting significant investment thanks to its port infrastructure, its industrial base and its policies supporting reindustrialisation.<br \/>\nGravelines is thus confirming its role as a major industrial hub, at the heart of the economic transformation of the northern coast.<\/p>\n<p><em>More information <a href=\"https:\/\/www.lagazettefrance.fr\/article\/gravelines-snf-entame-une-extension-de-son-site-de-production\" target=\"_blank\" rel=\"noopener\">here<\/a>.<\/em><\/p>\n<\/div>\r\n\t\t\t\t\t\t\t<div class=\"c-post__footer\">\r\n\t\t\t\t\t\t\t\t<div class=\"c-post__share\"><span>Partager l&#039;article :<\/span>\r\n\t\t\t\t\t\t\t\t\t<ul class=\"c-social c-social--lg\">\n<li><a href=\"https:\/\/api.whatsapp.com\/send?text=https:\/\/dunkerquelenergiecreative.fr\/en\/news\/gravelines-snf-launches-the-expansion-of-its-production-site\/\" target=\"_blank\" onclick=\"javascript:window.open(this.href, '', 'menubar=no,toolbar=no,resizable=yes,scrollbars=yes,height=600,width=600');return false;\" title=\"Whatsapp\"><i class=\"o-icon-whatsapp\"><\/i><\/a><\/li>\n<li><a href=\"mailto:?subject=GRAVELINES: SNF LAUNCHES THE EXPANSION OF ITS PRODUCTION SITE&amp;body=https:\/\/dunkerquelenergiecreative.fr\/en\/news\/gravelines-snf-launches-the-expansion-of-its-production-site\/\" title=\"Email\"><i class=\"o-icon-email\"><\/i><span><\/span><\/a><\/li>\n<li><a href=\"https:\/\/twitter.com\/share?url=https:\/\/dunkerquelenergiecreative.fr\/en\/news\/gravelines-snf-launches-the-expansion-of-its-production-site\/&#038;text=GRAVELINES: SNF LAUNCHES THE EXPANSION OF ITS PRODUCTION SITE\" target=\"_blank\" onclick=\"javascript:window.open(this.href, '', 'menubar=no,toolbar=no,resizable=yes,scrollbars=yes,height=600,width=600');return false;\" title=\"Twitter\"><i class=\"o-icon-twitter\"><\/i><\/a><\/li>\n<li><a href=\"https:\/\/www.linkedin.com\/shareArticle?mini=true&#038;url=https:\/\/dunkerquelenergiecreative.fr\/en\/news\/gravelines-snf-launches-the-expansion-of-its-production-site\/&#038;title=GRAVELINES: SNF LAUNCHES THE EXPANSION OF ITS PRODUCTION SITE\" target=\"_blank\" onclick=\"javascript:window.open(this.href, '', 'menubar=no,toolbar=no,resizable=yes,scrollbars=yes,height=600,width=600');return false;\" title=\"Linkedin\"><i class=\"o-icon-linkedin\"><\/i><\/a><\/li>\n<li><a href=\"https:\/\/www.facebook.com\/sharer\/sharer.php?u=https:\/\/dunkerquelenergiecreative.fr\/en\/news\/gravelines-snf-launches-the-expansion-of-its-production-site\/&#038;t=GRAVELINES: SNF LAUNCHES THE EXPANSION OF ITS PRODUCTION SITE\" target=\"_blank\" onclick=\"javascript:window.open(this.href, '', 'menubar=no,toolbar=no,resizable=yes,scrollbars=yes,height=600,width=600');return false;\" title=\"Facebook\"><i class=\"o-icon-facebook\"><\/i><\/a><\/li><\/ul>\r\n\t\t\t\t\t\t\t\t<\/div>\r\n\t\t\t\t\t\t\t<\/div>\r\n\t\t\t\t\t\t<\/div>\r\n\r\n\t\t\t\t\t\t<div class=\"c-post__aside\">\r\n\t\t\t\t\t\t\t<div class=\"c-post__box\" data-margin-top=\"160\">\r\n\t\t\t\t\t\t\t\t<ul class=\"c-post__nav\">\r\n\t\t\t\t\t\t\t\t\t<span class=\"c-post__box__title\">Chapters<\/span>\r\n\t\t\t\t\t\t\t\t\t<ul class='table-content'><li class='table-content_item-lvl-3'><a class='table-content_link' href='#a-major-industrial-project-in-the-hauts-de-france-region'>A MAJOR INDUSTRIAL PROJECT IN THE HAUTS-DE-FRANCE REGION<\/a><li><a class='table-content_link' href='#a-e60-million-investment-in-gravelines'>A \u20ac60 MILLION INVESTMENT IN GRAVELINES<\/a><li><a class='table-content_link' href='#what-will-be-the-impact-on-job-creation-and-the-local-economy'>WHAT WILL BE THE IMPACT ON JOB CREATION AND THE LOCAL ECONOMY ?<\/a><li><a class='table-content_link' href='#why-is-the-gravelines-site-strategic-for-snf'>WHY IS THE GRAVELINES SITE STRATEGIC FOR SNF ?<\/a><li><a class='table-content_link' href='#industrial-momentum-in-the-dunkerque-area'>INDUSTRIAL MOMENTUM IN THE DUNKERQUE AREA<\/a><\/li><\/ul>\t\t\t\t\t\t\t\t<\/ul>\r\n\t\t\t\t\t\t\t\t\t\t\t\t\t\t\t<\/div>\r\n\t\t\t\t\t\t<\/div>\r\n\r\n\t\t\t\t\t<\/div>\r\n\t\t\t\t\r\n\t\t\t<\/div>\r\n\t\t<\/div>\r\n\t<\/div>\r\n<\/section>\r\n\r\n\n\n\n\n<section class=\"blc-related-posts c-section c-section--news c-section--white\" type='auto' id='4792844bbd3d473b0969fcb412e26513'>\n\t<div class=\"o-wrapper\">\n\t\t<h2 id=\"you-might-like\">You might like&#8230;<\/h2>\n\t\t\t\t<div class=\"c-news-slider\"> \n\t\t\t<div class=\"c-news-slider__slides js-slider-news\">\n\t\t\t\t\t\t\t<article class=\"c-news-slider__slide\">\n\t\t\t\t\t\n<div class=\"c-news-card\">\n\t<a class='c-news-card__link' href=\"https:\/\/dunkerquelenergiecreative.fr\/en\/events\/dunkirk-to-host-the-2026-world-conference-cities-ports\/\" target=\"_self\">\n\t\t<div class=\"c-news-card__thumb ratio-16x9\">\n\t\t\t<ul class=\"c-news-card__cat toto\"><li>Events<\/li><\/ul>\n\t\t\t<img decoding=\"async\" alt=\"Dunkirk will host the 2026 World Conference Cities &amp; Ports\" src=\"https:\/\/dunkerquelenergiecreative.fr\/wp-content\/uploads\/2026\/01\/Photo-mise-en-avant-BON-720-x-576-px-14-1-1.jpg\" srcset=\"https:\/\/dunkerquelenergiecreative.fr\/wp-content\/uploads\/2026\/01\/Photo-mise-en-avant-BON-720-x-576-px-14-1-1-300x240.jpg 300w, https:\/\/dunkerquelenergiecreative.fr\/wp-content\/uploads\/2026\/01\/Photo-mise-en-avant-BON-720-x-576-px-14-1-1.jpg 720w\" sizes=\"(min-width: 992px) 397px, (min-width: 1200px) 480px, (min-width: 1400px) 560px, (min-width: 1600px) 640px, 100vw\">\n\t\t<\/div>\n\t\t<div class=\"c-news-card__content\">\n\t\t\t<ul class=\"c-news-card__tags\">\n\t\t\t\t\t\t\t\t\t<li>#Companies<\/li>\n\t\t\t\t\t\t\t<\/ul>\n\t\t\t\t\t\t<p class=\"c-news-card__date\">26 March 2026<\/p>\n\t\t\t<h3 class=\"c-news-card__title\" class=\"c-news-card__title\" id=\"dunkirk-will-host-the-2026-world-conference-cities-ports\">Dunkirk will host the 2026 World Conference Cities &amp; Ports<\/h3>\n\t\t\t<p class=\"c-news-card__desc\">The World Conference Cities &#038; Ports will take place in Dunkirk from November 4 to&hellip;\t\t\t\t\t\t\t<\/p>\n\t\t\t<div class=\"c-news-card__more\">\n\t\t\t\t<button>Read more<\/button>\n\t\t\t\t\t\t\t<\/div>\n\t\t<\/div>\n\t<\/a>\n<\/div>\t\t\t\t<\/article>\n\t\t\t\t\t\t\t<article class=\"c-news-slider__slide\">\n\t\t\t\t\t\n<div class=\"c-news-card\">\n\t<a class='c-news-card__link' href=\"https:\/\/dunkerquelenergiecreative.fr\/en\/events\/global-ccs-european-meeting-dunkirk-28-january\/\" target=\"_self\">\n\t\t<div class=\"c-news-card__thumb ratio-16x9\">\n\t\t\t<ul class=\"c-news-card__cat toto\"><li>Events<\/li><\/ul>\n\t\t\t<img decoding=\"async\" alt=\"Visuel ev\u00e8nement GCCSI \" src=\"https:\/\/dunkerquelenergiecreative.fr\/wp-content\/uploads\/2026\/01\/GLOBAL-CCS-INSTITUTE-I-Europe-Meeting-I-28-JANV-DUNKIRK.jpg\" srcset=\"https:\/\/dunkerquelenergiecreative.fr\/wp-content\/uploads\/2026\/01\/GLOBAL-CCS-INSTITUTE-I-Europe-Meeting-I-28-JANV-DUNKIRK-300x150.jpg 300w, https:\/\/dunkerquelenergiecreative.fr\/wp-content\/uploads\/2026\/01\/GLOBAL-CCS-INSTITUTE-I-Europe-Meeting-I-28-JANV-DUNKIRK-768x384.jpg 768w, https:\/\/dunkerquelenergiecreative.fr\/wp-content\/uploads\/2026\/01\/GLOBAL-CCS-INSTITUTE-I-Europe-Meeting-I-28-JANV-DUNKIRK.jpg 800w\" sizes=\"(min-width: 992px) 397px, (min-width: 1200px) 480px, (min-width: 1400px) 560px, (min-width: 1600px) 640px, 100vw\">\n\t\t<\/div>\n\t\t<div class=\"c-news-card__content\">\n\t\t\t<ul class=\"c-news-card__tags\">\n\t\t\t\t\t\t\t\t\t<li>#Companies<\/li>\n\t\t\t\t\t\t\t<\/ul>\n\t\t\t\t\t\t<p class=\"c-news-card__date\">4 February 2026<\/p>\n\t\t\t<h3 class=\"c-news-card__title\" class=\"c-news-card__title\" id=\"global-ccs-european-meeting-dunkirk-28-january\">Global CCS European Meeting: Dunkirk, 28 January<\/h3>\n\t\t\t<p class=\"c-news-card__desc\">\t\t\t\t\t\t\t<\/p>\n\t\t\t<div class=\"c-news-card__more\">\n\t\t\t\t<button>Read more<\/button>\n\t\t\t\t\t\t\t<\/div>\n\t\t<\/div>\n\t<\/a>\n<\/div>\t\t\t\t<\/article>\n\t\t\t\t\t\t\t<article class=\"c-news-slider__slide\">\n\t\t\t\t\t\n<div class=\"c-news-card\">\n\t<a class='c-news-card__link' href=\"https:\/\/dunkerquelenergiecreative.fr\/en\/news\/dunkerque-port-selects-two-complementary-industrial-projects\/\" target=\"_self\">\n\t\t<div class=\"c-news-card__thumb ratio-16x9\">\n\t\t\t<ul class=\"c-news-card__cat toto\"><li>News<\/li><\/ul>\n\t\t\t<img decoding=\"async\" alt=\"Dunkerque-Port selects two complementary industrial projects\" src=\"https:\/\/dunkerquelenergiecreative.fr\/wp-content\/uploads\/2026\/01\/Brouillon-photo-e1768987953979.jpg\" srcset=\"https:\/\/dunkerquelenergiecreative.fr\/wp-content\/uploads\/2026\/01\/Brouillon-photo-300x169.jpg 300w, https:\/\/dunkerquelenergiecreative.fr\/wp-content\/uploads\/2026\/01\/Brouillon-photo-1024x576.jpg 1024w, https:\/\/dunkerquelenergiecreative.fr\/wp-content\/uploads\/2026\/01\/Brouillon-photo-768x432.jpg 768w, https:\/\/dunkerquelenergiecreative.fr\/wp-content\/uploads\/2026\/01\/Brouillon-photo.jpg 1280w\" sizes=\"(min-width: 992px) 397px, (min-width: 1200px) 480px, (min-width: 1400px) 560px, (min-width: 1600px) 640px, 100vw\">\n\t\t<\/div>\n\t\t<div class=\"c-news-card__content\">\n\t\t\t<ul class=\"c-news-card__tags\">\n\t\t\t\t\t\t\t\t\t<li>#Companies<\/li>\n\t\t\t\t\t\t\t<\/ul>\n\t\t\t\t\t\t<p class=\"c-news-card__date\">30 January 2026<\/p>\n\t\t\t<h3 class=\"c-news-card__title\" class=\"c-news-card__title\" id=\"dunkerque-port-selects-two-complementary-industrial-projects\">Dunkerque-Port selects two complementary industrial projects<\/h3>\n\t\t\t<p class=\"c-news-card__desc\">Dunkerque-Port announced the selection of two complementary industrial projects led by Technip Energies and Tepsa.\t\t\t\t\t\t\t<\/p>\n\t\t\t<div class=\"c-news-card__more\">\n\t\t\t\t<button>Read more<\/button>\n\t\t\t\t\t\t\t<\/div>\n\t\t<\/div>\n\t<\/a>\n<\/div>\t\t\t\t<\/article>\n\t\t\t\t\t\t\t<article class=\"c-news-slider__slide\">\n\t\t\t\t\t\n<div class=\"c-news-card\">\n\t<a class='c-news-card__link' href=\"https:\/\/dunkerquelenergiecreative.fr\/en\/news\/moving-to-dunkerque-when-you-dont-speak-french-all-the-help-you-need-to-get-started\/\" target=\"_self\">\n\t\t<div class=\"c-news-card__thumb ratio-16x9\">\n\t\t\t<ul class=\"c-news-card__cat toto\"><li>News<\/li><\/ul>\n\t\t\t<img decoding=\"async\" alt=\"Moving to Dunkirk when you don&#8217;t speak French: all the help you need to get started\" src=\"https:\/\/dunkerquelenergiecreative.fr\/wp-content\/uploads\/2025\/10\/planetarium-accueil-e1761814025160.jpg\" srcset=\"\" sizes=\"(min-width: 992px) 397px, (min-width: 1200px) 480px, (min-width: 1400px) 560px, (min-width: 1600px) 640px, 100vw\">\n\t\t<\/div>\n\t\t<div class=\"c-news-card__content\">\n\t\t\t<ul class=\"c-news-card__tags\">\n\t\t\t\t\t\t\t\t\t<li>#Residents and future residents<\/li>\n\t\t\t\t\t\t\t<\/ul>\n\t\t\t\t\t\t<p class=\"c-news-card__date\">28 January 2026<\/p>\n\t\t\t<h3 class=\"c-news-card__title\" class=\"c-news-card__title\" id=\"moving-to-dunkirk-when-you-dont-speak-french-all-the-help-you-need-to-get-started\">Moving to Dunkirk when you don&#8217;t speak French: all the help you need to get started<\/h3>\n\t\t\t<p class=\"c-news-card__desc\">For some, moving to a new city is an exciting adventure. For others, it is&hellip;\t\t\t\t\t\t\t<\/p>\n\t\t\t<div class=\"c-news-card__more\">\n\t\t\t\t<button>Read more<\/button>\n\t\t\t\t\t\t\t<\/div>\n\t\t<\/div>\n\t<\/a>\n<\/div>\t\t\t\t<\/article>\n\t\t\t\t\t\t\t<article class=\"c-news-slider__slide\">\n\t\t\t\t\t\n<div class=\"c-news-card\">\n\t<a class='c-news-card__link' href=\"https:\/\/dunkerquelenergiecreative.fr\/en\/news\/street-art-in-dunkirk-murals-that-are-transforming-the-city\/\" target=\"_self\">\n\t\t<div class=\"c-news-card__thumb ratio-16x9\">\n\t\t\t<ul class=\"c-news-card__cat toto\"><li>News<\/li><\/ul>\n\t\t\t<img decoding=\"async\" alt=\"fresque street art\" src=\"https:\/\/dunkerquelenergiecreative.fr\/wp-content\/uploads\/2025\/10\/Fresque-Graffiti-Bibliotheque-de-Bierne.jpg\" srcset=\"https:\/\/dunkerquelenergiecreative.fr\/wp-content\/uploads\/2025\/10\/Fresque-Graffiti-Bibliotheque-de-Bierne-300x225.jpg 300w, https:\/\/dunkerquelenergiecreative.fr\/wp-content\/uploads\/2025\/10\/Fresque-Graffiti-Bibliotheque-de-Bierne-1024x768.jpg 1024w, https:\/\/dunkerquelenergiecreative.fr\/wp-content\/uploads\/2025\/10\/Fresque-Graffiti-Bibliotheque-de-Bierne-768x576.jpg 768w, https:\/\/dunkerquelenergiecreative.fr\/wp-content\/uploads\/2025\/10\/Fresque-Graffiti-Bibliotheque-de-Bierne-1536x1152.jpg 1536w, https:\/\/dunkerquelenergiecreative.fr\/wp-content\/uploads\/2025\/10\/Fresque-Graffiti-Bibliotheque-de-Bierne-2048x1536.jpg 2048w\" sizes=\"(min-width: 992px) 397px, (min-width: 1200px) 480px, (min-width: 1400px) 560px, (min-width: 1600px) 640px, 100vw\">\n\t\t<\/div>\n\t\t<div class=\"c-news-card__content\">\n\t\t\t<ul class=\"c-news-card__tags\">\n\t\t\t\t\t\t\t\t\t<li>#Residents and future residents<\/li>\n\t\t\t\t\t\t\t<\/ul>\n\t\t\t\t\t\t<p class=\"c-news-card__date\">20 January 2026<\/p>\n\t\t\t<h3 class=\"c-news-card__title\" class=\"c-news-card__title\" id=\"street-art-in-dunkirk-murals-that-are-transforming-the-city\">Street art in Dunkirk: murals that are transforming the city<\/h3>\n\t\t\t<p class=\"c-news-card__desc\">In Dunkirk, walls for free expression are made available through the &#8220;Graff dans la Ville&#8221;&hellip;\t\t\t\t\t\t\t<\/p>\n\t\t\t<div class=\"c-news-card__more\">\n\t\t\t\t<button>Read more<\/button>\n\t\t\t\t\t\t\t<\/div>\n\t\t<\/div>\n\t<\/a>\n<\/div>\t\t\t\t<\/article>\n\t\t\t\t\t\t\t<article class=\"c-news-slider__slide\">\n\t\t\t\t\t\n<div class=\"c-news-card\">\n\t<a class='c-news-card__link' href=\"https:\/\/dunkerquelenergiecreative.fr\/en\/documentations-en\/biodiversity-preservation\/\" target=\"_self\">\n\t\t<div class=\"c-news-card__thumb ratio-16x9\">\n\t\t\t<ul class=\"c-news-card__cat toto\"><li>Documentations<\/li><\/ul>\n\t\t\t<img decoding=\"async\" alt=\"Environmental studies \u2013 biodiversity preservation\" src=\"https:\/\/dunkerquelenergiecreative.fr\/wp-content\/uploads\/2022\/11\/REDI-DUNES-CUD-JF-LECA-DSC_0006-1.jpg\" srcset=\"\" sizes=\"(min-width: 992px) 397px, (min-width: 1200px) 480px, (min-width: 1400px) 560px, (min-width: 1600px) 640px, 100vw\">\n\t\t<\/div>\n\t\t<div class=\"c-news-card__content\">\n\t\t\t<ul class=\"c-news-card__tags\">\n\t\t\t\t\t\t\t\t\t<li>#Companies<\/li>\n\t\t\t\t\t\t\t<\/ul>\n\t\t\t\t\t\t<p class=\"c-news-card__date\">14 January 2026<\/p>\n\t\t\t<h3 class=\"c-news-card__title\" class=\"c-news-card__title\" id=\"environmental-studies-biodiversity-preservation\">Environmental studies \u2013 biodiversity preservation<\/h3>\n\t\t\t<p class=\"c-news-card__desc\">To account for the environmental and biodiversity impacts of these developments, it is necessary to&hellip;\t\t\t\t\t\t\t<\/p>\n\t\t\t<div class=\"c-news-card__more\">\n\t\t\t\t<button>Read more<\/button>\n\t\t\t\t\t\t\t<\/div>\n\t\t<\/div>\n\t<\/a>\n<\/div>\t\t\t\t<\/article>\n\t\t\t \n\t\t\t<\/div>\n\t\t\t\t\t\t\t<div class=\"c-section__see-all\"><a class=\"c-arrow-link\" href=\"https:\/\/dunkerquelenergiecreative.fr\/en\/all-publications\/\">More News<\/a><\/div>\n\t\t\t\t\t<\/div>\n\t<\/div>\n<\/section>\n\n\n\n\r\n\r\n\r\n<section class=\"blc-banner o-wrapper\" id='ab1b00d19203f2c6fb7fbc8b3327ab44'>\r\n\t<div class=\"c-white-book\">\r\n\t\t<img decoding=\"async\" class=\"c-white-book__bg\" alt=\"GRAVELINES: SNF LAUNCHES THE EXPANSION OF ITS PRODUCTION SITE\" src=\"https:\/\/dunkerquelenergiecreative.fr\/wp-content\/uploads\/2022\/07\/bg-white-book-2.jpg\" srcset=\"https:\/\/dunkerquelenergiecreative.fr\/wp-content\/uploads\/2022\/07\/bg-white-book-2-300x72.jpg 300w, https:\/\/dunkerquelenergiecreative.fr\/wp-content\/uploads\/2022\/07\/bg-white-book-2-1024x245.jpg 1024w, https:\/\/dunkerquelenergiecreative.fr\/wp-content\/uploads\/2022\/07\/bg-white-book-2-768x184.jpg 768w, https:\/\/dunkerquelenergiecreative.fr\/wp-content\/uploads\/2022\/07\/bg-white-book-2.jpg 1265w\" sizes=\"(min-width: 1400px) 1386px, (min-width: 1600px) 1584px, 100vw\">\t\t\t\t<div class=\"c-white-book__content\">\r\n\t\t\t<h2 id=\"why-is-dunkirk-the-ideal-territory-for-growing-your-company\">WHY IS DUNKIRK THE IDEAL TERRITORY FOR GROWING YOUR COMPANY ?<\/h2>\t\t\t<a class=\"c-btn\" href=\"https:\/\/dunkerquelenergiecreative.fr\/en\/do-you-have-a-project\/\" target=\"_blank\">DOWNLOAD TO FIND OUT MORE<\/a>\t\t<\/div>\r\n\t<\/div>\r\n<\/section>\r\n\r\n\r\n","protected":false},"excerpt":{"rendered":"The SNF Group, a global player in the chemical industry specialising in polymers for water treatment, is continuing to expand in France. In Gravelines, the company is embarking on a new phase of expansion at its production site, thereby strengthening its presence in the Hauts-de-France region.","protected":false},"author":2,"featured_media":9279,"comment_status":"closed","ping_status":"closed","sticky":false,"template":"","format":"standard","meta":{"_acf_changed":false,"inline_featured_image":false,"_uf_show_specific_survey":0,"_uf_disable_surveys":false,"footnotes":""},"categories":[264],"tags":[],"thematic":[399,396],"class_list":["post-75129","post","type-post","status-publish","format-standard","has-post-thumbnail","hentry","category-news","thematic-companies","thematic-residents-and-future-residents"],"acf":[],"yoast_head":"<!-- This site is optimized with the Yoast SEO plugin v27.4 - https:\/\/yoast.com\/product\/yoast-seo-wordpress\/ -->\n<title>GRAVELINES: SNF LAUNCHES THE EXPANSION OF ITS PRODUCTION SITE - Dunkerque l&#039;\u00c9nergie Cr\u00e9ative<\/title>\n<meta name=\"description\" content=\"SNF is launching the expansion of its production site in Gravelines. This \u20ac60 million investment aims to bolster the chemical industry in the Hauts-de-France region and create local jobs.\" \/>\n<meta name=\"robots\" content=\"index, follow, max-snippet:-1, max-image-preview:large, max-video-preview:-1\" \/>\n<link rel=\"canonical\" href=\"https:\/\/dunkerquelenergiecreative.fr\/en\/news\/gravelines-snf-launches-the-expansion-of-its-production-site\/\" \/>\n<meta property=\"og:locale\" content=\"en_US\" \/>\n<meta property=\"og:type\" content=\"article\" \/>\n<meta property=\"og:title\" content=\"GRAVELINES: SNF LAUNCHES THE EXPANSION OF ITS PRODUCTION SITE - Dunkerque l&#039;\u00c9nergie Cr\u00e9ative\" \/>\n<meta property=\"og:description\" content=\"SNF is launching the expansion of its production site in Gravelines. This \u20ac60 million investment aims to bolster the chemical industry in the Hauts-de-France region and create local jobs.\" \/>\n<meta property=\"og:url\" content=\"https:\/\/dunkerquelenergiecreative.fr\/en\/news\/gravelines-snf-launches-the-expansion-of-its-production-site\/\" \/>\n<meta property=\"og:site_name\" content=\"Dunkerque l&#039;\u00c9nergie Cr\u00e9ative\" \/>\n<meta property=\"article:publisher\" content=\"https:\/\/www.facebook.com\/Dunkerquelenergiecreative\" \/>\n<meta property=\"article:published_time\" content=\"2026-04-30T12:29:40+00:00\" \/>\n<meta property=\"article:modified_time\" content=\"2026-04-30T12:29:42+00:00\" \/>\n<meta property=\"og:image\" content=\"https:\/\/dunkerquelenergiecreative.fr\/wp-content\/uploads\/2022\/05\/SNF.png\" \/>\n\t<meta property=\"og:image:width\" content=\"1350\" \/>\n\t<meta property=\"og:image:height\" content=\"759\" \/>\n\t<meta property=\"og:image:type\" content=\"image\/png\" \/>\n<meta name=\"author\" content=\"Fabienne Manceau\" \/>\n<meta name=\"twitter:card\" content=\"summary_large_image\" \/>\n<meta name=\"twitter:creator\" content=\"@ecosysteme_d\" \/>\n<meta name=\"twitter:site\" content=\"@ecosysteme_d\" \/>\n<meta name=\"twitter:label1\" content=\"Written by\" \/>\n\t<meta name=\"twitter:data1\" content=\"Fabienne Manceau\" \/>\n\t<meta name=\"twitter:label2\" content=\"Est. reading time\" \/>\n\t<meta name=\"twitter:data2\" content=\"3 minutes\" \/>\n<script type=\"application\/ld+json\" class=\"yoast-schema-graph\">{\"@context\":\"https:\\\/\\\/schema.org\",\"@graph\":[{\"@type\":\"Article\",\"@id\":\"https:\\\/\\\/dunkerquelenergiecreative.fr\\\/en\\\/news\\\/gravelines-snf-launches-the-expansion-of-its-production-site\\\/#article\",\"isPartOf\":{\"@id\":\"https:\\\/\\\/dunkerquelenergiecreative.fr\\\/en\\\/news\\\/gravelines-snf-launches-the-expansion-of-its-production-site\\\/\"},\"author\":{\"name\":\"Fabienne Manceau\",\"@id\":\"https:\\\/\\\/dunkerquelenergiecreative.fr\\\/en\\\/#\\\/schema\\\/person\\\/4f4d9f251ad5dae05a4a0d5371fb3121\"},\"headline\":\"GRAVELINES: SNF LAUNCHES THE EXPANSION OF ITS PRODUCTION SITE\",\"datePublished\":\"2026-04-30T12:29:40+00:00\",\"dateModified\":\"2026-04-30T12:29:42+00:00\",\"mainEntityOfPage\":{\"@id\":\"https:\\\/\\\/dunkerquelenergiecreative.fr\\\/en\\\/news\\\/gravelines-snf-launches-the-expansion-of-its-production-site\\\/\"},\"wordCount\":9,\"publisher\":{\"@id\":\"https:\\\/\\\/dunkerquelenergiecreative.fr\\\/en\\\/#organization\"},\"image\":{\"@id\":\"https:\\\/\\\/dunkerquelenergiecreative.fr\\\/en\\\/news\\\/gravelines-snf-launches-the-expansion-of-its-production-site\\\/#primaryimage\"},\"thumbnailUrl\":\"https:\\\/\\\/dunkerquelenergiecreative.fr\\\/wp-content\\\/uploads\\\/2022\\\/05\\\/SNF.png\",\"articleSection\":[\"News\"],\"inLanguage\":\"en-US\"},{\"@type\":\"WebPage\",\"@id\":\"https:\\\/\\\/dunkerquelenergiecreative.fr\\\/en\\\/news\\\/gravelines-snf-launches-the-expansion-of-its-production-site\\\/\",\"url\":\"https:\\\/\\\/dunkerquelenergiecreative.fr\\\/en\\\/news\\\/gravelines-snf-launches-the-expansion-of-its-production-site\\\/\",\"name\":\"GRAVELINES: SNF LAUNCHES THE EXPANSION OF ITS PRODUCTION SITE - Dunkerque l&#039;\u00c9nergie Cr\u00e9ative\",\"isPartOf\":{\"@id\":\"https:\\\/\\\/dunkerquelenergiecreative.fr\\\/en\\\/#website\"},\"primaryImageOfPage\":{\"@id\":\"https:\\\/\\\/dunkerquelenergiecreative.fr\\\/en\\\/news\\\/gravelines-snf-launches-the-expansion-of-its-production-site\\\/#primaryimage\"},\"image\":{\"@id\":\"https:\\\/\\\/dunkerquelenergiecreative.fr\\\/en\\\/news\\\/gravelines-snf-launches-the-expansion-of-its-production-site\\\/#primaryimage\"},\"thumbnailUrl\":\"https:\\\/\\\/dunkerquelenergiecreative.fr\\\/wp-content\\\/uploads\\\/2022\\\/05\\\/SNF.png\",\"datePublished\":\"2026-04-30T12:29:40+00:00\",\"dateModified\":\"2026-04-30T12:29:42+00:00\",\"description\":\"SNF is launching the expansion of its production site in Gravelines. This \u20ac60 million investment aims to bolster the chemical industry in the Hauts-de-France region and create local jobs.\",\"breadcrumb\":{\"@id\":\"https:\\\/\\\/dunkerquelenergiecreative.fr\\\/en\\\/news\\\/gravelines-snf-launches-the-expansion-of-its-production-site\\\/#breadcrumb\"},\"inLanguage\":\"en-US\",\"potentialAction\":[{\"@type\":\"ReadAction\",\"target\":[\"https:\\\/\\\/dunkerquelenergiecreative.fr\\\/en\\\/news\\\/gravelines-snf-launches-the-expansion-of-its-production-site\\\/\"]}]},{\"@type\":\"ImageObject\",\"inLanguage\":\"en-US\",\"@id\":\"https:\\\/\\\/dunkerquelenergiecreative.fr\\\/en\\\/news\\\/gravelines-snf-launches-the-expansion-of-its-production-site\\\/#primaryimage\",\"url\":\"https:\\\/\\\/dunkerquelenergiecreative.fr\\\/wp-content\\\/uploads\\\/2022\\\/05\\\/SNF.png\",\"contentUrl\":\"https:\\\/\\\/dunkerquelenergiecreative.fr\\\/wp-content\\\/uploads\\\/2022\\\/05\\\/SNF.png\",\"width\":1350,\"height\":759,\"caption\":\"snf flocryl\"},{\"@type\":\"BreadcrumbList\",\"@id\":\"https:\\\/\\\/dunkerquelenergiecreative.fr\\\/en\\\/news\\\/gravelines-snf-launches-the-expansion-of-its-production-site\\\/#breadcrumb\",\"itemListElement\":[{\"@type\":\"ListItem\",\"position\":1,\"name\":\"Home\",\"item\":\"https:\\\/\\\/dunkerquelenergiecreative.fr\\\/en\\\/\"},{\"@type\":\"ListItem\",\"position\":2,\"name\":\"News\",\"item\":\"https:\\\/\\\/dunkerquelenergiecreative.fr\\\/en\\\/news\\\/\"},{\"@type\":\"ListItem\",\"position\":3,\"name\":\"GRAVELINES: SNF LAUNCHES THE EXPANSION OF ITS PRODUCTION SITE\"}]},{\"@type\":\"WebSite\",\"@id\":\"https:\\\/\\\/dunkerquelenergiecreative.fr\\\/en\\\/#website\",\"url\":\"https:\\\/\\\/dunkerquelenergiecreative.fr\\\/en\\\/\",\"name\":\"Dunkerque l'\u00c9nergie Cr\u00e9ative\",\"description\":\"Agence de d\u00e9veloppement \u00e9conomique \u00e0 Dunkerque\",\"publisher\":{\"@id\":\"https:\\\/\\\/dunkerquelenergiecreative.fr\\\/en\\\/#organization\"},\"potentialAction\":[{\"@type\":\"SearchAction\",\"target\":{\"@type\":\"EntryPoint\",\"urlTemplate\":\"https:\\\/\\\/dunkerquelenergiecreative.fr\\\/en\\\/?s={search_term_string}\"},\"query-input\":{\"@type\":\"PropertyValueSpecification\",\"valueRequired\":true,\"valueName\":\"search_term_string\"}}],\"inLanguage\":\"en-US\"},{\"@type\":\"Organization\",\"@id\":\"https:\\\/\\\/dunkerquelenergiecreative.fr\\\/en\\\/#organization\",\"name\":\"Dunkerque l'\u00c9nergie Cr\u00e9ative\",\"url\":\"https:\\\/\\\/dunkerquelenergiecreative.fr\\\/en\\\/\",\"logo\":{\"@type\":\"ImageObject\",\"inLanguage\":\"en-US\",\"@id\":\"https:\\\/\\\/dunkerquelenergiecreative.fr\\\/en\\\/#\\\/schema\\\/logo\\\/image\\\/\",\"url\":\"https:\\\/\\\/dunkerquelenergiecreative.fr\\\/wp-content\\\/uploads\\\/2025\\\/04\\\/logo-dunkerque.png\",\"contentUrl\":\"https:\\\/\\\/dunkerquelenergiecreative.fr\\\/wp-content\\\/uploads\\\/2025\\\/04\\\/logo-dunkerque.png\",\"width\":696,\"height\":696,\"caption\":\"Dunkerque l'\u00c9nergie Cr\u00e9ative\"},\"image\":{\"@id\":\"https:\\\/\\\/dunkerquelenergiecreative.fr\\\/en\\\/#\\\/schema\\\/logo\\\/image\\\/\"},\"sameAs\":[\"https:\\\/\\\/www.facebook.com\\\/Dunkerquelenergiecreative\",\"https:\\\/\\\/x.com\\\/ecosysteme_d\",\"https:\\\/\\\/fr.linkedin.com\\\/company\\\/dunkerque-l-energie-creative\",\"https:\\\/\\\/www.linkedin.com\\\/company\\\/ecosysteme-d\\\/\",\"https:\\\/\\\/www.instagram.com\\\/dunkerquelenergiecreative\\\/\"]},{\"@type\":\"Person\",\"@id\":\"https:\\\/\\\/dunkerquelenergiecreative.fr\\\/en\\\/#\\\/schema\\\/person\\\/4f4d9f251ad5dae05a4a0d5371fb3121\",\"name\":\"Fabienne Manceau\",\"image\":{\"@type\":\"ImageObject\",\"inLanguage\":\"en-US\",\"@id\":\"https:\\\/\\\/secure.gravatar.com\\\/avatar\\\/f74ed4c54cedec928b1e35df81291121075b2fad4a405c7ea4c1a09955ec6c62?s=96&d=mm&r=g\",\"url\":\"https:\\\/\\\/secure.gravatar.com\\\/avatar\\\/f74ed4c54cedec928b1e35df81291121075b2fad4a405c7ea4c1a09955ec6c62?s=96&d=mm&r=g\",\"contentUrl\":\"https:\\\/\\\/secure.gravatar.com\\\/avatar\\\/f74ed4c54cedec928b1e35df81291121075b2fad4a405c7ea4c1a09955ec6c62?s=96&d=mm&r=g\",\"caption\":\"Fabienne Manceau\"},\"sameAs\":[\"https:\\\/\\\/www.dunkerquepromotion.org\"]}]}<\/script>\n<!-- \/ Yoast SEO plugin. -->","yoast_head_json":{"title":"GRAVELINES: SNF LAUNCHES THE EXPANSION OF ITS PRODUCTION SITE - Dunkerque l&#039;\u00c9nergie Cr\u00e9ative","description":"SNF is launching the expansion of its production site in Gravelines. This \u20ac60 million investment aims to bolster the chemical industry in the Hauts-de-France region and create local jobs.","robots":{"index":"index","follow":"follow","max-snippet":"max-snippet:-1","max-image-preview":"max-image-preview:large","max-video-preview":"max-video-preview:-1"},"canonical":"https:\/\/dunkerquelenergiecreative.fr\/en\/news\/gravelines-snf-launches-the-expansion-of-its-production-site\/","og_locale":"en_US","og_type":"article","og_title":"GRAVELINES: SNF LAUNCHES THE EXPANSION OF ITS PRODUCTION SITE - Dunkerque l&#039;\u00c9nergie Cr\u00e9ative","og_description":"SNF is launching the expansion of its production site in Gravelines. This \u20ac60 million investment aims to bolster the chemical industry in the Hauts-de-France region and create local jobs.","og_url":"https:\/\/dunkerquelenergiecreative.fr\/en\/news\/gravelines-snf-launches-the-expansion-of-its-production-site\/","og_site_name":"Dunkerque l&#039;\u00c9nergie Cr\u00e9ative","article_publisher":"https:\/\/www.facebook.com\/Dunkerquelenergiecreative","article_published_time":"2026-04-30T12:29:40+00:00","article_modified_time":"2026-04-30T12:29:42+00:00","og_image":[{"width":1350,"height":759,"url":"https:\/\/dunkerquelenergiecreative.fr\/wp-content\/uploads\/2022\/05\/SNF.png","type":"image\/png"}],"author":"Fabienne Manceau","twitter_card":"summary_large_image","twitter_creator":"@ecosysteme_d","twitter_site":"@ecosysteme_d","twitter_misc":{"Written by":"Fabienne Manceau","Est. reading time":"3 minutes"},"schema":{"@context":"https:\/\/schema.org","@graph":[{"@type":"Article","@id":"https:\/\/dunkerquelenergiecreative.fr\/en\/news\/gravelines-snf-launches-the-expansion-of-its-production-site\/#article","isPartOf":{"@id":"https:\/\/dunkerquelenergiecreative.fr\/en\/news\/gravelines-snf-launches-the-expansion-of-its-production-site\/"},"author":{"name":"Fabienne Manceau","@id":"https:\/\/dunkerquelenergiecreative.fr\/en\/#\/schema\/person\/4f4d9f251ad5dae05a4a0d5371fb3121"},"headline":"GRAVELINES: SNF LAUNCHES THE EXPANSION OF ITS PRODUCTION SITE","datePublished":"2026-04-30T12:29:40+00:00","dateModified":"2026-04-30T12:29:42+00:00","mainEntityOfPage":{"@id":"https:\/\/dunkerquelenergiecreative.fr\/en\/news\/gravelines-snf-launches-the-expansion-of-its-production-site\/"},"wordCount":9,"publisher":{"@id":"https:\/\/dunkerquelenergiecreative.fr\/en\/#organization"},"image":{"@id":"https:\/\/dunkerquelenergiecreative.fr\/en\/news\/gravelines-snf-launches-the-expansion-of-its-production-site\/#primaryimage"},"thumbnailUrl":"https:\/\/dunkerquelenergiecreative.fr\/wp-content\/uploads\/2022\/05\/SNF.png","articleSection":["News"],"inLanguage":"en-US"},{"@type":"WebPage","@id":"https:\/\/dunkerquelenergiecreative.fr\/en\/news\/gravelines-snf-launches-the-expansion-of-its-production-site\/","url":"https:\/\/dunkerquelenergiecreative.fr\/en\/news\/gravelines-snf-launches-the-expansion-of-its-production-site\/","name":"GRAVELINES: SNF LAUNCHES THE EXPANSION OF ITS PRODUCTION SITE - Dunkerque l&#039;\u00c9nergie Cr\u00e9ative","isPartOf":{"@id":"https:\/\/dunkerquelenergiecreative.fr\/en\/#website"},"primaryImageOfPage":{"@id":"https:\/\/dunkerquelenergiecreative.fr\/en\/news\/gravelines-snf-launches-the-expansion-of-its-production-site\/#primaryimage"},"image":{"@id":"https:\/\/dunkerquelenergiecreative.fr\/en\/news\/gravelines-snf-launches-the-expansion-of-its-production-site\/#primaryimage"},"thumbnailUrl":"https:\/\/dunkerquelenergiecreative.fr\/wp-content\/uploads\/2022\/05\/SNF.png","datePublished":"2026-04-30T12:29:40+00:00","dateModified":"2026-04-30T12:29:42+00:00","description":"SNF is launching the expansion of its production site in Gravelines. This \u20ac60 million investment aims to bolster the chemical industry in the Hauts-de-France region and create local jobs.","breadcrumb":{"@id":"https:\/\/dunkerquelenergiecreative.fr\/en\/news\/gravelines-snf-launches-the-expansion-of-its-production-site\/#breadcrumb"},"inLanguage":"en-US","potentialAction":[{"@type":"ReadAction","target":["https:\/\/dunkerquelenergiecreative.fr\/en\/news\/gravelines-snf-launches-the-expansion-of-its-production-site\/"]}]},{"@type":"ImageObject","inLanguage":"en-US","@id":"https:\/\/dunkerquelenergiecreative.fr\/en\/news\/gravelines-snf-launches-the-expansion-of-its-production-site\/#primaryimage","url":"https:\/\/dunkerquelenergiecreative.fr\/wp-content\/uploads\/2022\/05\/SNF.png","contentUrl":"https:\/\/dunkerquelenergiecreative.fr\/wp-content\/uploads\/2022\/05\/SNF.png","width":1350,"height":759,"caption":"snf flocryl"},{"@type":"BreadcrumbList","@id":"https:\/\/dunkerquelenergiecreative.fr\/en\/news\/gravelines-snf-launches-the-expansion-of-its-production-site\/#breadcrumb","itemListElement":[{"@type":"ListItem","position":1,"name":"Home","item":"https:\/\/dunkerquelenergiecreative.fr\/en\/"},{"@type":"ListItem","position":2,"name":"News","item":"https:\/\/dunkerquelenergiecreative.fr\/en\/news\/"},{"@type":"ListItem","position":3,"name":"GRAVELINES: SNF LAUNCHES THE EXPANSION OF ITS PRODUCTION SITE"}]},{"@type":"WebSite","@id":"https:\/\/dunkerquelenergiecreative.fr\/en\/#website","url":"https:\/\/dunkerquelenergiecreative.fr\/en\/","name":"Dunkerque l'\u00c9nergie Cr\u00e9ative","description":"Agence de d\u00e9veloppement \u00e9conomique \u00e0 Dunkerque","publisher":{"@id":"https:\/\/dunkerquelenergiecreative.fr\/en\/#organization"},"potentialAction":[{"@type":"SearchAction","target":{"@type":"EntryPoint","urlTemplate":"https:\/\/dunkerquelenergiecreative.fr\/en\/?s={search_term_string}"},"query-input":{"@type":"PropertyValueSpecification","valueRequired":true,"valueName":"search_term_string"}}],"inLanguage":"en-US"},{"@type":"Organization","@id":"https:\/\/dunkerquelenergiecreative.fr\/en\/#organization","name":"Dunkerque l'\u00c9nergie Cr\u00e9ative","url":"https:\/\/dunkerquelenergiecreative.fr\/en\/","logo":{"@type":"ImageObject","inLanguage":"en-US","@id":"https:\/\/dunkerquelenergiecreative.fr\/en\/#\/schema\/logo\/image\/","url":"https:\/\/dunkerquelenergiecreative.fr\/wp-content\/uploads\/2025\/04\/logo-dunkerque.png","contentUrl":"https:\/\/dunkerquelenergiecreative.fr\/wp-content\/uploads\/2025\/04\/logo-dunkerque.png","width":696,"height":696,"caption":"Dunkerque l'\u00c9nergie Cr\u00e9ative"},"image":{"@id":"https:\/\/dunkerquelenergiecreative.fr\/en\/#\/schema\/logo\/image\/"},"sameAs":["https:\/\/www.facebook.com\/Dunkerquelenergiecreative","https:\/\/x.com\/ecosysteme_d","https:\/\/fr.linkedin.com\/company\/dunkerque-l-energie-creative","https:\/\/www.linkedin.com\/company\/ecosysteme-d\/","https:\/\/www.instagram.com\/dunkerquelenergiecreative\/"]},{"@type":"Person","@id":"https:\/\/dunkerquelenergiecreative.fr\/en\/#\/schema\/person\/4f4d9f251ad5dae05a4a0d5371fb3121","name":"Fabienne Manceau","image":{"@type":"ImageObject","inLanguage":"en-US","@id":"https:\/\/secure.gravatar.com\/avatar\/f74ed4c54cedec928b1e35df81291121075b2fad4a405c7ea4c1a09955ec6c62?s=96&d=mm&r=g","url":"https:\/\/secure.gravatar.com\/avatar\/f74ed4c54cedec928b1e35df81291121075b2fad4a405c7ea4c1a09955ec6c62?s=96&d=mm&r=g","contentUrl":"https:\/\/secure.gravatar.com\/avatar\/f74ed4c54cedec928b1e35df81291121075b2fad4a405c7ea4c1a09955ec6c62?s=96&d=mm&r=g","caption":"Fabienne Manceau"},"sameAs":["https:\/\/www.dunkerquepromotion.org"]}]}},"_links":{"self":[{"href":"https:\/\/dunkerquelenergiecreative.fr\/en\/wp-json\/wp\/v2\/posts\/75129","targetHints":{"allow":["GET"]}}],"collection":[{"href":"https:\/\/dunkerquelenergiecreative.fr\/en\/wp-json\/wp\/v2\/posts"}],"about":[{"href":"https:\/\/dunkerquelenergiecreative.fr\/en\/wp-json\/wp\/v2\/types\/post"}],"author":[{"embeddable":true,"href":"https:\/\/dunkerquelenergiecreative.fr\/en\/wp-json\/wp\/v2\/users\/2"}],"replies":[{"embeddable":true,"href":"https:\/\/dunkerquelenergiecreative.fr\/en\/wp-json\/wp\/v2\/comments?post=75129"}],"version-history":[{"count":1,"href":"https:\/\/dunkerquelenergiecreative.fr\/en\/wp-json\/wp\/v2\/posts\/75129\/revisions"}],"predecessor-version":[{"id":75130,"href":"https:\/\/dunkerquelenergiecreative.fr\/en\/wp-json\/wp\/v2\/posts\/75129\/revisions\/75130"}],"wp:featuredmedia":[{"embeddable":true,"href":"https:\/\/dunkerquelenergiecreative.fr\/en\/wp-json\/wp\/v2\/media\/9279"}],"wp:attachment":[{"href":"https:\/\/dunkerquelenergiecreative.fr\/en\/wp-json\/wp\/v2\/media?parent=75129"}],"wp:term":[{"taxonomy":"category","embeddable":true,"href":"https:\/\/dunkerquelenergiecreative.fr\/en\/wp-json\/wp\/v2\/categories?post=75129"},{"taxonomy":"post_tag","embeddable":true,"href":"https:\/\/dunkerquelenergiecreative.fr\/en\/wp-json\/wp\/v2\/tags?post=75129"},{"taxonomy":"thematic","embeddable":true,"href":"https:\/\/dunkerquelenergiecreative.fr\/en\/wp-json\/wp\/v2\/thematic?post=75129"}],"curies":[{"name":"wp","href":"https:\/\/api.w.org\/{rel}","templated":true}]}}