{"id":43068,"date":"2023-10-30T09:39:39","date_gmt":"2023-10-30T08:39:39","guid":{"rendered":"https:\/\/dunkerquelenergiecreative.fr\/?p=43068"},"modified":"2023-10-30T10:17:51","modified_gmt":"2023-10-30T09:17:51","slug":"11-patrick-olivier-interview-and-conclusion","status":"publish","type":"post","link":"https:\/\/dunkerquelenergiecreative.fr\/en\/testimonials\/11-patrick-olivier-interview-and-conclusion\/","title":{"rendered":"11\/ Patrick Olivier, interview and conclusion"},"content":{"rendered":"\n\n<section class=\"blc-hero-sm c-head\" id='2196144584114ca367f71a9b30e45098'>\n\t<div class=\"c-head__bg decal__bg\">\n\t\t<img decoding=\"async\" data-aos=\"fade\" alt=\"panoramique Dunkerque port\" src=\"https:\/\/dunkerquelenergiecreative.fr\/wp-content\/uploads\/2022\/06\/panoramique-port-est-\u00a9WeDroneU-1.jpg\" srcset=\"https:\/\/dunkerquelenergiecreative.fr\/wp-content\/uploads\/2022\/06\/panoramique-port-est-\u00a9WeDroneU-1-300x94.jpg 300w, https:\/\/dunkerquelenergiecreative.fr\/wp-content\/uploads\/2022\/06\/panoramique-port-est-\u00a9WeDroneU-1-1024x321.jpg 1024w, https:\/\/dunkerquelenergiecreative.fr\/wp-content\/uploads\/2022\/06\/panoramique-port-est-\u00a9WeDroneU-1-768x241.jpg 768w, https:\/\/dunkerquelenergiecreative.fr\/wp-content\/uploads\/2022\/06\/panoramique-port-est-\u00a9WeDroneU-1-1536x482.jpg 1536w, https:\/\/dunkerquelenergiecreative.fr\/wp-content\/uploads\/2022\/06\/panoramique-port-est-\u00a9WeDroneU-1-2048x642.jpg 2048w\" sizes=\"(min-width: 1200px) 1080px, (min-width: 1400px) 1260px, (min-width: 1600px) 1440px, 100vw\">\t\t\t<\/div>\n\t<div class=\"o-wrapper\">\n\t\t<div class=\"c-head__box c-head__box--smaller\">\n\t\t\t<div class=\"c-head__wrap\" data-aos=\"fade-left\">\n\t\t\t\t<div class=\"c-breadcrumbs\"><span><span><a href=\"https:\/\/dunkerquelenergiecreative.fr\/en\/\">Home<\/a><\/span><\/span><\/div>\n\t\t\t\t\t\t\t<\/div>\n\t\t\t\t\t\t\t<h1 class=\"u-h2 c-head__title\" data-aos=\"fade-left\" data-aos-delay=\"100\" class=\"u-h2 c-head__title\" data-aos=\"fade-left\" data-aos-delay=\"100\" id=\"11-patrick-olivier-interview-and-conclusion\">11\/ Patrick Olivier, interview and conclusion<\/h1>\n\t\t\t\t\t\t\t\t<\/div>\n\t<\/div>\n<\/section>\n\n\n\n\r\n\r\n<section class=\"blc-content-post\" id=\"6187a16e782dbdc7c2812c4725ba2dc6\">\r\n\t<div class=\"c-head c-head--single\">\r\n\t\t<div class=\"o-wrapper\">\r\n\t\t\t<div class=\"c-head__box\">\r\n\t\t\t\t\t\t\t\t\t<div class=\"c-member\">\r\n\t\t\t\t\t\t<div class=\"c-member__head\">\r\n\t\t\t\t\t\t\t<h1 class=\"u-h2\" class=\"u-h2\" id=\"11-patrick-olivier-interview-and-conclusion\">11\/ Patrick Olivier, interview and conclusion<\/h1>\r\n\t\t\t\t\t\t\t\t\t\t\t\t\t\t<div class=\"c-post__metas c-member__date\">\r\n\t\t\t\t\t\t\t\t<div class=\"c-post__date\">Published on 30 October 2023<\/div>\r\n\t\t\t\t\t\t\t\t<div class=\"c-post__share\"><span>Partager l&#039;article :<\/span>\r\n\t\t\t\t\t\t\t\t\t<ul class=\"c-social\">\n<li><a href=\"https:\/\/api.whatsapp.com\/send?text=https:\/\/dunkerquelenergiecreative.fr\/en\/testimonials\/11-patrick-olivier-interview-and-conclusion\/\" target=\"_blank\" onclick=\"javascript:window.open(this.href, '', 'menubar=no,toolbar=no,resizable=yes,scrollbars=yes,height=600,width=600');return false;\" title=\"Whatsapp\"><i class=\"o-icon-whatsapp\"><\/i><\/a><\/li>\n<li><a href=\"mailto:?subject=11\/ Patrick Olivier, interview and conclusion&amp;body=https:\/\/dunkerquelenergiecreative.fr\/en\/testimonials\/11-patrick-olivier-interview-and-conclusion\/\" title=\"Email\"><i class=\"o-icon-email\"><\/i><span><\/span><\/a><\/li>\n<li><a href=\"https:\/\/twitter.com\/share?url=https:\/\/dunkerquelenergiecreative.fr\/en\/testimonials\/11-patrick-olivier-interview-and-conclusion\/&#038;text=11\/ Patrick Olivier, interview and conclusion\" target=\"_blank\" onclick=\"javascript:window.open(this.href, '', 'menubar=no,toolbar=no,resizable=yes,scrollbars=yes,height=600,width=600');return false;\" title=\"Twitter\"><i class=\"o-icon-twitter\"><\/i><\/a><\/li>\n<li><a href=\"https:\/\/www.linkedin.com\/shareArticle?mini=true&#038;url=https:\/\/dunkerquelenergiecreative.fr\/en\/testimonials\/11-patrick-olivier-interview-and-conclusion\/&#038;title=11\/ Patrick Olivier, interview and conclusion\" target=\"_blank\" onclick=\"javascript:window.open(this.href, '', 'menubar=no,toolbar=no,resizable=yes,scrollbars=yes,height=600,width=600');return false;\" title=\"Linkedin\"><i class=\"o-icon-linkedin\"><\/i><\/a><\/li>\n<li><a href=\"https:\/\/www.facebook.com\/sharer\/sharer.php?u=https:\/\/dunkerquelenergiecreative.fr\/en\/testimonials\/11-patrick-olivier-interview-and-conclusion\/&#038;t=11\/ Patrick Olivier, interview and conclusion\" target=\"_blank\" onclick=\"javascript:window.open(this.href, '', 'menubar=no,toolbar=no,resizable=yes,scrollbars=yes,height=600,width=600');return false;\" title=\"Facebook\"><i class=\"o-icon-facebook\"><\/i><\/a><\/li><\/ul>\r\n\t\t\t\t\t\t\t\t<\/div>\r\n\t\t\t\t\t\t\t<\/div>\r\n\t\t\t\t\t\t<\/div>\r\n\r\n\t\t\t\t\t\t\r\n\t\t\t\t\t\t<div class=\"c-wysiwyg\"><p>Discover <strong>Patrick OLIVIER<\/strong>&#8216;s <a href=\"https:\/\/dunkerquelenergiecreative.fr\/en\/testimonials\/mr-patrick-olivier-director-of-the-transition-unit-sgpi\/\">testimonial<\/a>, director of the Centre for the Ecological, Agricultural and Industrial Transition at the General Secretariat for Investment in charge of France 2030<\/p>\n<div class=\"page\" data-page-number=\"17\" data-loaded=\"true\">\n<p class=\"textLayer\"><img decoding=\"async\" class=\" wp-image-39172 alignleft\" src=\"https:\/\/dunkerquelenergiecreative.fr\/wp-content\/uploads\/2023\/08\/Photo-Patrick-Olivier.jpeg\" alt=\"Photo Patrick Olivier\" width=\"206\" height=\"270\" \/>The decarbonisation challenge, especially becoming carbon neutral, is major. The efforts and investments undertaken for the radical transformation of production methods are starting to bear fruits. Thanks to its complete decarbonisation chain, the dunkirk basin aims to reduce its industrial emissions by 55% by 2030. As a result, Dunkirk is really laying the groundwork to become carbon neutral by 2050.<\/p>\n<div class=\"textLayer\">Over recent years, the territory has emerged as one of the pioneers of the European industry of the future. By building a dynamic ecosystem around the transition and providing operational solutions for decarbonisation, Dunkirk is attracting new types of industries (fine chemistry, green hydrogen, electric batteries, etc.) but also future talent, those devoted to living in a territory at the epicentre of climate and ecological transition challenges.<\/div>\n<div>&nbsp;<\/div>\n<div class=\"textLayer\">Thus, Dunkirk and its <strong>\u201cCreative Energy\u201d<\/strong> are role models to follow and are encouraging other industrial territories to test and share their innovations. Working together makes us undeniably stronger. Whether it is training courses, infrastructures, public policies, Dunkirk is now, more than ever, a real laboratory for all the transitions.<\/div>\n<div>&nbsp;<\/div>\n<div class=\"textLayer\">\n<p><strong>Dunkirk, creative energy!<\/strong><\/p>\n<p><img decoding=\"async\" class=\"alignnone size-full wp-image-15524\" src=\"https:\/\/dunkerquelenergiecreative.fr\/wp-content\/uploads\/2022\/06\/panoramique-port-est-\u00a9WeDroneU-1.jpg\" alt=\"\" width=\"2560\" height=\"803\" srcset=\"https:\/\/dunkerquelenergiecreative.fr\/wp-content\/uploads\/2022\/06\/panoramique-port-est-\u00a9WeDroneU-1.jpg 2560w, https:\/\/dunkerquelenergiecreative.fr\/wp-content\/uploads\/2022\/06\/panoramique-port-est-\u00a9WeDroneU-1-300x94.jpg 300w, https:\/\/dunkerquelenergiecreative.fr\/wp-content\/uploads\/2022\/06\/panoramique-port-est-\u00a9WeDroneU-1-1024x321.jpg 1024w, https:\/\/dunkerquelenergiecreative.fr\/wp-content\/uploads\/2022\/06\/panoramique-port-est-\u00a9WeDroneU-1-768x241.jpg 768w, https:\/\/dunkerquelenergiecreative.fr\/wp-content\/uploads\/2022\/06\/panoramique-port-est-\u00a9WeDroneU-1-1536x482.jpg 1536w, https:\/\/dunkerquelenergiecreative.fr\/wp-content\/uploads\/2022\/06\/panoramique-port-est-\u00a9WeDroneU-1-2048x642.jpg 2048w\" sizes=\"(max-width: 2560px) 100vw, 2560px\" \/><\/p>\n<\/div>\n<\/div>\n<\/div>\r\n\t\t\t\t\t\t<div class=\"c-post__footer\">\r\n\t\t\t\t\t\t\t<div class=\"c-post__share\"><span>Partager l&#039;article :<\/span>\r\n\t\t\t\t\t\t\t\t<ul class=\"c-social c-social--lg\">\n<li><a href=\"https:\/\/api.whatsapp.com\/send?text=https:\/\/dunkerquelenergiecreative.fr\/en\/testimonials\/11-patrick-olivier-interview-and-conclusion\/\" target=\"_blank\" onclick=\"javascript:window.open(this.href, '', 'menubar=no,toolbar=no,resizable=yes,scrollbars=yes,height=600,width=600');return false;\" title=\"Whatsapp\"><i class=\"o-icon-whatsapp\"><\/i><\/a><\/li>\n<li><a href=\"mailto:?subject=11\/ Patrick Olivier, interview and conclusion&amp;body=https:\/\/dunkerquelenergiecreative.fr\/en\/testimonials\/11-patrick-olivier-interview-and-conclusion\/\" title=\"Email\"><i class=\"o-icon-email\"><\/i><span><\/span><\/a><\/li>\n<li><a href=\"https:\/\/twitter.com\/share?url=https:\/\/dunkerquelenergiecreative.fr\/en\/testimonials\/11-patrick-olivier-interview-and-conclusion\/&#038;text=11\/ Patrick Olivier, interview and conclusion\" target=\"_blank\" onclick=\"javascript:window.open(this.href, '', 'menubar=no,toolbar=no,resizable=yes,scrollbars=yes,height=600,width=600');return false;\" title=\"Twitter\"><i class=\"o-icon-twitter\"><\/i><\/a><\/li>\n<li><a href=\"https:\/\/www.linkedin.com\/shareArticle?mini=true&#038;url=https:\/\/dunkerquelenergiecreative.fr\/en\/testimonials\/11-patrick-olivier-interview-and-conclusion\/&#038;title=11\/ Patrick Olivier, interview and conclusion\" target=\"_blank\" onclick=\"javascript:window.open(this.href, '', 'menubar=no,toolbar=no,resizable=yes,scrollbars=yes,height=600,width=600');return false;\" title=\"Linkedin\"><i class=\"o-icon-linkedin\"><\/i><\/a><\/li>\n<li><a href=\"https:\/\/www.facebook.com\/sharer\/sharer.php?u=https:\/\/dunkerquelenergiecreative.fr\/en\/testimonials\/11-patrick-olivier-interview-and-conclusion\/&#038;t=11\/ Patrick Olivier, interview and conclusion\" target=\"_blank\" onclick=\"javascript:window.open(this.href, '', 'menubar=no,toolbar=no,resizable=yes,scrollbars=yes,height=600,width=600');return false;\" title=\"Facebook\"><i class=\"o-icon-facebook\"><\/i><\/a><\/li><\/ul>\r\n\t\t\t\t\t\t\t<\/div>\r\n\t\t\t\t\t\t<\/div>\r\n\t\t\t\t\t<\/div>\r\n\r\n\t\t\t\t\r\n\t\t\t<\/div>\r\n\t\t<\/div>\r\n\t<\/div>\r\n<\/section>\r\n\r\n\n\n\n\n<section class=\"blc-related-posts c-section c-section--news c-section--white\" type='auto' id='ef0c2a1d5eb3272ccd86bca0736b9854'>\n\t<div class=\"o-wrapper\">\n\t\t<h1 id=\"you-might-like\">You might like&#8230;<\/h2>\n\t\t\t\t<div class=\"c-news-slider\"> \n\t\t\t<div class=\"c-news-slider__slides js-slider-news\">\n\t\t\t\t\t\t\t<article class=\"c-news-slider__slide\">\n\t\t\t\t\t\n<div class=\"c-news-card\">\n\t<a class='c-news-card__link' href=\"https:\/\/dunkerquelenergiecreative.fr\/en\/events\/dunkirk-to-host-the-2026-world-conference-cities-ports\/\" target=\"_self\">\n\t\t<div class=\"c-news-card__thumb ratio-16x9\">\n\t\t\t<ul class=\"c-news-card__cat toto\"><li>Events<\/li><\/ul>\n\t\t\t<img decoding=\"async\" alt=\"Dunkirk will host the 2026 World Conference Cities &amp; Ports\" src=\"https:\/\/dunkerquelenergiecreative.fr\/wp-content\/uploads\/2026\/01\/Photo-mise-en-avant-BON-720-x-576-px-14-1-1.jpg\" srcset=\"https:\/\/dunkerquelenergiecreative.fr\/wp-content\/uploads\/2026\/01\/Photo-mise-en-avant-BON-720-x-576-px-14-1-1-300x240.jpg 300w, https:\/\/dunkerquelenergiecreative.fr\/wp-content\/uploads\/2026\/01\/Photo-mise-en-avant-BON-720-x-576-px-14-1-1.jpg 720w\" sizes=\"(min-width: 992px) 397px, (min-width: 1200px) 480px, (min-width: 1400px) 560px, (min-width: 1600px) 640px, 100vw\">\n\t\t<\/div>\n\t\t<div class=\"c-news-card__content\">\n\t\t\t<ul class=\"c-news-card__tags\">\n\t\t\t\t\t\t\t\t\t<li>#Companies<\/li>\n\t\t\t\t\t\t\t<\/ul>\n\t\t\t\t\t\t<p class=\"c-news-card__date\">26 March 2026<\/p>\n\t\t\t<h3 class=\"c-news-card__title\" class=\"c-news-card__title\" id=\"dunkirk-will-host-the-2026-world-conference-cities-ports\">Dunkirk will host the 2026 World Conference Cities &amp; Ports<\/h3>\n\t\t\t<p class=\"c-news-card__desc\">The World Conference Cities &#038; Ports will take place in Dunkirk from November 4 to&hellip;\t\t\t\t\t\t\t<\/p>\n\t\t\t<div class=\"c-news-card__more\">\n\t\t\t\t<button>Read more<\/button>\n\t\t\t\t\t\t\t<\/div>\n\t\t<\/div>\n\t<\/a>\n<\/div>\t\t\t\t<\/article>\n\t\t\t\t\t\t\t<article class=\"c-news-slider__slide\">\n\t\t\t\t\t\n<div class=\"c-news-card\">\n\t<a class='c-news-card__link' href=\"https:\/\/dunkerquelenergiecreative.fr\/en\/events\/global-ccs-european-meeting-dunkirk-28-january\/\" target=\"_self\">\n\t\t<div class=\"c-news-card__thumb ratio-16x9\">\n\t\t\t<ul class=\"c-news-card__cat toto\"><li>Events<\/li><\/ul>\n\t\t\t<img decoding=\"async\" alt=\"Visuel ev\u00e8nement GCCSI \" src=\"https:\/\/dunkerquelenergiecreative.fr\/wp-content\/uploads\/2026\/01\/GLOBAL-CCS-INSTITUTE-I-Europe-Meeting-I-28-JANV-DUNKIRK.jpg\" srcset=\"https:\/\/dunkerquelenergiecreative.fr\/wp-content\/uploads\/2026\/01\/GLOBAL-CCS-INSTITUTE-I-Europe-Meeting-I-28-JANV-DUNKIRK-300x150.jpg 300w, https:\/\/dunkerquelenergiecreative.fr\/wp-content\/uploads\/2026\/01\/GLOBAL-CCS-INSTITUTE-I-Europe-Meeting-I-28-JANV-DUNKIRK-768x384.jpg 768w, https:\/\/dunkerquelenergiecreative.fr\/wp-content\/uploads\/2026\/01\/GLOBAL-CCS-INSTITUTE-I-Europe-Meeting-I-28-JANV-DUNKIRK.jpg 800w\" sizes=\"(min-width: 992px) 397px, (min-width: 1200px) 480px, (min-width: 1400px) 560px, (min-width: 1600px) 640px, 100vw\">\n\t\t<\/div>\n\t\t<div class=\"c-news-card__content\">\n\t\t\t<ul class=\"c-news-card__tags\">\n\t\t\t\t\t\t\t\t\t<li>#Companies<\/li>\n\t\t\t\t\t\t\t<\/ul>\n\t\t\t\t\t\t<p class=\"c-news-card__date\">4 February 2026<\/p>\n\t\t\t<h3 class=\"c-news-card__title\" class=\"c-news-card__title\" id=\"global-ccs-european-meeting-dunkirk-28-january\">Global CCS European Meeting: Dunkirk, 28 January<\/h3>\n\t\t\t<p class=\"c-news-card__desc\">\t\t\t\t\t\t\t<\/p>\n\t\t\t<div class=\"c-news-card__more\">\n\t\t\t\t<button>Read more<\/button>\n\t\t\t\t\t\t\t<\/div>\n\t\t<\/div>\n\t<\/a>\n<\/div>\t\t\t\t<\/article>\n\t\t\t\t\t\t\t<article class=\"c-news-slider__slide\">\n\t\t\t\t\t\n<div class=\"c-news-card\">\n\t<a class='c-news-card__link' href=\"https:\/\/dunkerquelenergiecreative.fr\/en\/news\/dunkerque-port-selects-two-complementary-industrial-projects\/\" target=\"_self\">\n\t\t<div class=\"c-news-card__thumb ratio-16x9\">\n\t\t\t<ul class=\"c-news-card__cat toto\"><li>News<\/li><\/ul>\n\t\t\t<img decoding=\"async\" alt=\"Dunkerque-Port selects two complementary industrial projects\" src=\"https:\/\/dunkerquelenergiecreative.fr\/wp-content\/uploads\/2026\/01\/Brouillon-photo-e1768987953979.jpg\" srcset=\"https:\/\/dunkerquelenergiecreative.fr\/wp-content\/uploads\/2026\/01\/Brouillon-photo-300x169.jpg 300w, https:\/\/dunkerquelenergiecreative.fr\/wp-content\/uploads\/2026\/01\/Brouillon-photo-1024x576.jpg 1024w, https:\/\/dunkerquelenergiecreative.fr\/wp-content\/uploads\/2026\/01\/Brouillon-photo-768x432.jpg 768w, https:\/\/dunkerquelenergiecreative.fr\/wp-content\/uploads\/2026\/01\/Brouillon-photo.jpg 1280w\" sizes=\"(min-width: 992px) 397px, (min-width: 1200px) 480px, (min-width: 1400px) 560px, (min-width: 1600px) 640px, 100vw\">\n\t\t<\/div>\n\t\t<div class=\"c-news-card__content\">\n\t\t\t<ul class=\"c-news-card__tags\">\n\t\t\t\t\t\t\t\t\t<li>#Companies<\/li>\n\t\t\t\t\t\t\t<\/ul>\n\t\t\t\t\t\t<p class=\"c-news-card__date\">30 January 2026<\/p>\n\t\t\t<h3 class=\"c-news-card__title\" class=\"c-news-card__title\" id=\"dunkerque-port-selects-two-complementary-industrial-projects\">Dunkerque-Port selects two complementary industrial projects<\/h3>\n\t\t\t<p class=\"c-news-card__desc\">Dunkerque-Port announced the selection of two complementary industrial projects led by Technip Energies and Tepsa.\t\t\t\t\t\t\t<\/p>\n\t\t\t<div class=\"c-news-card__more\">\n\t\t\t\t<button>Read more<\/button>\n\t\t\t\t\t\t\t<\/div>\n\t\t<\/div>\n\t<\/a>\n<\/div>\t\t\t\t<\/article>\n\t\t\t\t\t\t\t<article class=\"c-news-slider__slide\">\n\t\t\t\t\t\n<div class=\"c-news-card\">\n\t<a class='c-news-card__link' href=\"https:\/\/dunkerquelenergiecreative.fr\/en\/news\/moving-to-dunkerque-when-you-dont-speak-french-all-the-help-you-need-to-get-started\/\" target=\"_self\">\n\t\t<div class=\"c-news-card__thumb ratio-16x9\">\n\t\t\t<ul class=\"c-news-card__cat toto\"><li>News<\/li><\/ul>\n\t\t\t<img decoding=\"async\" alt=\"Moving to Dunkirk when you don&#8217;t speak French: all the help you need to get started\" src=\"https:\/\/dunkerquelenergiecreative.fr\/wp-content\/uploads\/2025\/10\/planetarium-accueil-e1761814025160.jpg\" srcset=\"\" sizes=\"(min-width: 992px) 397px, (min-width: 1200px) 480px, (min-width: 1400px) 560px, (min-width: 1600px) 640px, 100vw\">\n\t\t<\/div>\n\t\t<div class=\"c-news-card__content\">\n\t\t\t<ul class=\"c-news-card__tags\">\n\t\t\t\t\t\t\t\t\t<li>#Residents and future residents<\/li>\n\t\t\t\t\t\t\t<\/ul>\n\t\t\t\t\t\t<p class=\"c-news-card__date\">28 January 2026<\/p>\n\t\t\t<h3 class=\"c-news-card__title\" class=\"c-news-card__title\" id=\"moving-to-dunkirk-when-you-dont-speak-french-all-the-help-you-need-to-get-started\">Moving to Dunkirk when you don&#8217;t speak French: all the help you need to get started<\/h3>\n\t\t\t<p class=\"c-news-card__desc\">For some, moving to a new city is an exciting adventure. For others, it is&hellip;\t\t\t\t\t\t\t<\/p>\n\t\t\t<div class=\"c-news-card__more\">\n\t\t\t\t<button>Read more<\/button>\n\t\t\t\t\t\t\t<\/div>\n\t\t<\/div>\n\t<\/a>\n<\/div>\t\t\t\t<\/article>\n\t\t\t\t\t\t\t<article class=\"c-news-slider__slide\">\n\t\t\t\t\t\n<div class=\"c-news-card\">\n\t<a class='c-news-card__link' href=\"https:\/\/dunkerquelenergiecreative.fr\/en\/news\/street-art-in-dunkirk-murals-that-are-transforming-the-city\/\" target=\"_self\">\n\t\t<div class=\"c-news-card__thumb ratio-16x9\">\n\t\t\t<ul class=\"c-news-card__cat toto\"><li>News<\/li><\/ul>\n\t\t\t<img decoding=\"async\" alt=\"fresque street art\" src=\"https:\/\/dunkerquelenergiecreative.fr\/wp-content\/uploads\/2025\/10\/Fresque-Graffiti-Bibliotheque-de-Bierne.jpg\" srcset=\"https:\/\/dunkerquelenergiecreative.fr\/wp-content\/uploads\/2025\/10\/Fresque-Graffiti-Bibliotheque-de-Bierne-300x225.jpg 300w, https:\/\/dunkerquelenergiecreative.fr\/wp-content\/uploads\/2025\/10\/Fresque-Graffiti-Bibliotheque-de-Bierne-1024x768.jpg 1024w, https:\/\/dunkerquelenergiecreative.fr\/wp-content\/uploads\/2025\/10\/Fresque-Graffiti-Bibliotheque-de-Bierne-768x576.jpg 768w, https:\/\/dunkerquelenergiecreative.fr\/wp-content\/uploads\/2025\/10\/Fresque-Graffiti-Bibliotheque-de-Bierne-1536x1152.jpg 1536w, https:\/\/dunkerquelenergiecreative.fr\/wp-content\/uploads\/2025\/10\/Fresque-Graffiti-Bibliotheque-de-Bierne-2048x1536.jpg 2048w\" sizes=\"(min-width: 992px) 397px, (min-width: 1200px) 480px, (min-width: 1400px) 560px, (min-width: 1600px) 640px, 100vw\">\n\t\t<\/div>\n\t\t<div class=\"c-news-card__content\">\n\t\t\t<ul class=\"c-news-card__tags\">\n\t\t\t\t\t\t\t\t\t<li>#Residents and future residents<\/li>\n\t\t\t\t\t\t\t<\/ul>\n\t\t\t\t\t\t<p class=\"c-news-card__date\">20 January 2026<\/p>\n\t\t\t<h3 class=\"c-news-card__title\" class=\"c-news-card__title\" id=\"street-art-in-dunkirk-murals-that-are-transforming-the-city\">Street art in Dunkirk: murals that are transforming the city<\/h3>\n\t\t\t<p class=\"c-news-card__desc\">In Dunkirk, walls for free expression are made available through the &#8220;Graff dans la Ville&#8221;&hellip;\t\t\t\t\t\t\t<\/p>\n\t\t\t<div class=\"c-news-card__more\">\n\t\t\t\t<button>Read more<\/button>\n\t\t\t\t\t\t\t<\/div>\n\t\t<\/div>\n\t<\/a>\n<\/div>\t\t\t\t<\/article>\n\t\t\t\t\t\t\t<article class=\"c-news-slider__slide\">\n\t\t\t\t\t\n<div class=\"c-news-card\">\n\t<a class='c-news-card__link' href=\"https:\/\/dunkerquelenergiecreative.fr\/en\/documentations-en\/biodiversity-preservation\/\" target=\"_self\">\n\t\t<div class=\"c-news-card__thumb ratio-16x9\">\n\t\t\t<ul class=\"c-news-card__cat toto\"><li>Documentations<\/li><\/ul>\n\t\t\t<img decoding=\"async\" alt=\"Environmental studies \u2013 biodiversity preservation\" src=\"https:\/\/dunkerquelenergiecreative.fr\/wp-content\/uploads\/2022\/11\/REDI-DUNES-CUD-JF-LECA-DSC_0006-1.jpg\" srcset=\"\" sizes=\"(min-width: 992px) 397px, (min-width: 1200px) 480px, (min-width: 1400px) 560px, (min-width: 1600px) 640px, 100vw\">\n\t\t<\/div>\n\t\t<div class=\"c-news-card__content\">\n\t\t\t<ul class=\"c-news-card__tags\">\n\t\t\t\t\t\t\t\t\t<li>#Companies<\/li>\n\t\t\t\t\t\t\t<\/ul>\n\t\t\t\t\t\t<p class=\"c-news-card__date\">14 January 2026<\/p>\n\t\t\t<h3 class=\"c-news-card__title\" class=\"c-news-card__title\" id=\"environmental-studies-biodiversity-preservation\">Environmental studies \u2013 biodiversity preservation<\/h3>\n\t\t\t<p class=\"c-news-card__desc\">To account for the environmental and biodiversity impacts of these developments, it is necessary to&hellip;\t\t\t\t\t\t\t<\/p>\n\t\t\t<div class=\"c-news-card__more\">\n\t\t\t\t<button>Read more<\/button>\n\t\t\t\t\t\t\t<\/div>\n\t\t<\/div>\n\t<\/a>\n<\/div>\t\t\t\t<\/article>\n\t\t\t \n\t\t\t<\/div>\n\t\t\t\t\t\t\t<div class=\"c-section__see-all\"><a class=\"c-arrow-link\" href=\"https:\/\/dunkerquelenergiecreative.fr\/en\/all-publications\/\">More News<\/a><\/div>\n\t\t\t\t\t<\/div>\n\t<\/div>\n<\/section>\n\n\n\n\r\n\r\n\r\n\r\n<section class=\"blc-banner o-wrapper\">\r\n\t<div class=\"c-push-deposit\">\r\n\t\t<div class=\"c-push-deposit__head\">\r\n\t\t<h2 class=\"c-push-deposit__title\" class=\"c-push-deposit__title\" id=\"dunkirk-a-territory-with-a-low-carbon-industry\">DUNKIRK, A TERRITORY WITH A LOW-CARBON INDUSTRY<\/h2>\t\t\t<a class=\"c-btn c-btn--primary\" href=\"https:\/\/dunkerquelenergiecreative.fr\/en\/why-is-dunkirk-becoming-the-key-territory-of-decarbonised-industry-and-electric-mobility\/\" target=\"_blank\">Explore the brochure <i class=\"o-icon-arrow\"><\/i><\/a>\t\t<\/div>\r\n\t\t<div class=\"c-push-deposit__bg\">\r\n\t\t\t<img decoding=\"async\" alt=\"11\/ Patrick Olivier, interview and conclusion\" src=\"https:\/\/dunkerquelenergiecreative.fr\/wp-content\/uploads\/2024\/09\/Low-battery-brochure-cover.jpg\" srcset=\"https:\/\/dunkerquelenergiecreative.fr\/wp-content\/uploads\/2024\/09\/Low-battery-brochure-cover-300x225.jpg 300w, https:\/\/dunkerquelenergiecreative.fr\/wp-content\/uploads\/2024\/09\/Low-battery-brochure-cover-1024x768.jpg 1024w, https:\/\/dunkerquelenergiecreative.fr\/wp-content\/uploads\/2024\/09\/Low-battery-brochure-cover-768x576.jpg 768w, https:\/\/dunkerquelenergiecreative.fr\/wp-content\/uploads\/2024\/09\/Low-battery-brochure-cover-1536x1152.jpg 1536w, https:\/\/dunkerquelenergiecreative.fr\/wp-content\/uploads\/2024\/09\/Low-battery-brochure-cover-2048x1536.jpg 2048w\" sizes=\"(min-width: 1400px) 1386px, (min-width: 1600px) 1584px, 100vw\">\t\t\t\t\t<\/div>\r\n\t<\/div>\r\n<\/section>\r\n\r\n\n\n\r\n\r\n\r\n<section class=\"blc-banner o-wrapper\" id='c9a8128e50f440399e9026779a85b50c'>\r\n\t<div class=\"c-white-book\">\r\n\t\t<img decoding=\"async\" class=\"c-white-book__bg\" alt=\"11\/ Patrick Olivier, interview and conclusion\" src=\"https:\/\/dunkerquelenergiecreative.fr\/wp-content\/uploads\/2022\/07\/bg-white-book-2.jpg\" srcset=\"https:\/\/dunkerquelenergiecreative.fr\/wp-content\/uploads\/2022\/07\/bg-white-book-2-300x72.jpg 300w, https:\/\/dunkerquelenergiecreative.fr\/wp-content\/uploads\/2022\/07\/bg-white-book-2-1024x245.jpg 1024w, https:\/\/dunkerquelenergiecreative.fr\/wp-content\/uploads\/2022\/07\/bg-white-book-2-768x184.jpg 768w, https:\/\/dunkerquelenergiecreative.fr\/wp-content\/uploads\/2022\/07\/bg-white-book-2.jpg 1265w\" sizes=\"(min-width: 1400px) 1386px, (min-width: 1600px) 1584px, 100vw\">\t\t\t\t<div class=\"c-white-book__content\">\r\n\t\t\t<h2 id=\"why-is-dunkirk-the-ideal-territory-for-growing-your-company\">WHY IS DUNKIRK THE IDEAL TERRITORY FOR GROWING YOUR COMPANY ?<\/h2>\t\t\t<a class=\"c-btn\" href=\"https:\/\/dunkerquelenergiecreative.fr\/en\/do-you-have-a-project\/\" target=\"_blank\">DOWNLOAD TO FIND OUT MORE<\/a>\t\t<\/div>\r\n\t<\/div>\r\n<\/section>\r\n\r\n\r\n","protected":false},"excerpt":{"rendered":"Read what Patrick OLIVIER, Director of the Ecological, Industrial and Agricultural Transition Unit at the General Secretariat, has to say.","protected":false},"author":2,"featured_media":54868,"comment_status":"closed","ping_status":"closed","sticky":false,"template":"","format":"standard","meta":{"_acf_changed":false,"inline_featured_image":false,"_uf_show_specific_survey":0,"_uf_disable_surveys":false,"footnotes":""},"categories":[267],"tags":[],"thematic":[],"class_list":["post-43068","post","type-post","status-publish","format-standard","has-post-thumbnail","hentry","category-testimonials"],"acf":[],"yoast_head":"<!-- This site is optimized with the Yoast SEO plugin v27.4 - https:\/\/yoast.com\/product\/yoast-seo-wordpress\/ -->\n<title>11\/ Patrick Olivier, interview and conclusion - Dunkerque l&#039;\u00c9nergie Cr\u00e9ative<\/title>\n<meta name=\"description\" content=\"Read what Patrick OLIVIER, Director of the Ecological, Industrial and Agricultural Transition Unit at the General Secretariat, has to say.\" \/>\n<meta name=\"robots\" content=\"index, follow, max-snippet:-1, max-image-preview:large, max-video-preview:-1\" \/>\n<link rel=\"canonical\" href=\"https:\/\/dunkerquelenergiecreative.fr\/en\/testimonials\/11-patrick-olivier-interview-and-conclusion\/\" \/>\n<meta property=\"og:locale\" content=\"en_US\" \/>\n<meta property=\"og:type\" content=\"article\" \/>\n<meta property=\"og:title\" content=\"11\/ Patrick Olivier, interview and conclusion - Dunkerque l&#039;\u00c9nergie Cr\u00e9ative\" \/>\n<meta property=\"og:description\" content=\"Read what Patrick OLIVIER, Director of the Ecological, Industrial and Agricultural Transition Unit at the General Secretariat, has to say.\" \/>\n<meta property=\"og:url\" content=\"https:\/\/dunkerquelenergiecreative.fr\/en\/testimonials\/11-patrick-olivier-interview-and-conclusion\/\" \/>\n<meta property=\"og:site_name\" content=\"Dunkerque l&#039;\u00c9nergie Cr\u00e9ative\" \/>\n<meta property=\"article:publisher\" content=\"https:\/\/www.facebook.com\/Dunkerquelenergiecreative\" \/>\n<meta property=\"article:published_time\" content=\"2023-10-30T08:39:39+00:00\" \/>\n<meta property=\"article:modified_time\" content=\"2023-10-30T09:17:51+00:00\" \/>\n<meta property=\"og:image\" content=\"https:\/\/dunkerquelenergiecreative.fr\/wp-content\/uploads\/2023\/08\/Photo-Patrick-Olivier.jpeg\" \/>\n\t<meta property=\"og:image:width\" content=\"255\" \/>\n\t<meta property=\"og:image:height\" content=\"335\" \/>\n\t<meta property=\"og:image:type\" content=\"image\/jpeg\" \/>\n<meta name=\"author\" content=\"Fabienne Manceau\" \/>\n<meta name=\"twitter:card\" content=\"summary_large_image\" \/>\n<meta name=\"twitter:creator\" content=\"@ecosysteme_d\" \/>\n<meta name=\"twitter:site\" content=\"@ecosysteme_d\" \/>\n<meta name=\"twitter:label1\" content=\"Written by\" \/>\n\t<meta name=\"twitter:data1\" content=\"Fabienne Manceau\" \/>\n<script type=\"application\/ld+json\" class=\"yoast-schema-graph\">{\"@context\":\"https:\\\/\\\/schema.org\",\"@graph\":[{\"@type\":\"Article\",\"@id\":\"https:\\\/\\\/dunkerquelenergiecreative.fr\\\/en\\\/testimonials\\\/11-patrick-olivier-interview-and-conclusion\\\/#article\",\"isPartOf\":{\"@id\":\"https:\\\/\\\/dunkerquelenergiecreative.fr\\\/en\\\/testimonials\\\/11-patrick-olivier-interview-and-conclusion\\\/\"},\"author\":{\"name\":\"Fabienne Manceau\",\"@id\":\"https:\\\/\\\/dunkerquelenergiecreative.fr\\\/en\\\/#\\\/schema\\\/person\\\/4f4d9f251ad5dae05a4a0d5371fb3121\"},\"headline\":\"11\\\/ Patrick Olivier, interview and conclusion\",\"datePublished\":\"2023-10-30T08:39:39+00:00\",\"dateModified\":\"2023-10-30T09:17:51+00:00\",\"mainEntityOfPage\":{\"@id\":\"https:\\\/\\\/dunkerquelenergiecreative.fr\\\/en\\\/testimonials\\\/11-patrick-olivier-interview-and-conclusion\\\/\"},\"wordCount\":5,\"publisher\":{\"@id\":\"https:\\\/\\\/dunkerquelenergiecreative.fr\\\/en\\\/#organization\"},\"image\":{\"@id\":\"https:\\\/\\\/dunkerquelenergiecreative.fr\\\/en\\\/testimonials\\\/11-patrick-olivier-interview-and-conclusion\\\/#primaryimage\"},\"thumbnailUrl\":\"https:\\\/\\\/dunkerquelenergiecreative.fr\\\/wp-content\\\/uploads\\\/2024\\\/09\\\/Portrait-Bruno-Bonnell-1.jpg\",\"articleSection\":[\"Testimonials\"],\"inLanguage\":\"en-US\"},{\"@type\":\"WebPage\",\"@id\":\"https:\\\/\\\/dunkerquelenergiecreative.fr\\\/en\\\/testimonials\\\/11-patrick-olivier-interview-and-conclusion\\\/\",\"url\":\"https:\\\/\\\/dunkerquelenergiecreative.fr\\\/en\\\/testimonials\\\/11-patrick-olivier-interview-and-conclusion\\\/\",\"name\":\"11\\\/ Patrick Olivier, interview and conclusion - Dunkerque l&#039;\u00c9nergie Cr\u00e9ative\",\"isPartOf\":{\"@id\":\"https:\\\/\\\/dunkerquelenergiecreative.fr\\\/en\\\/#website\"},\"primaryImageOfPage\":{\"@id\":\"https:\\\/\\\/dunkerquelenergiecreative.fr\\\/en\\\/testimonials\\\/11-patrick-olivier-interview-and-conclusion\\\/#primaryimage\"},\"image\":{\"@id\":\"https:\\\/\\\/dunkerquelenergiecreative.fr\\\/en\\\/testimonials\\\/11-patrick-olivier-interview-and-conclusion\\\/#primaryimage\"},\"thumbnailUrl\":\"https:\\\/\\\/dunkerquelenergiecreative.fr\\\/wp-content\\\/uploads\\\/2024\\\/09\\\/Portrait-Bruno-Bonnell-1.jpg\",\"datePublished\":\"2023-10-30T08:39:39+00:00\",\"dateModified\":\"2023-10-30T09:17:51+00:00\",\"description\":\"Read what Patrick OLIVIER, Director of the Ecological, Industrial and Agricultural Transition Unit at the General Secretariat, has to say.\",\"breadcrumb\":{\"@id\":\"https:\\\/\\\/dunkerquelenergiecreative.fr\\\/en\\\/testimonials\\\/11-patrick-olivier-interview-and-conclusion\\\/#breadcrumb\"},\"inLanguage\":\"en-US\",\"potentialAction\":[{\"@type\":\"ReadAction\",\"target\":[\"https:\\\/\\\/dunkerquelenergiecreative.fr\\\/en\\\/testimonials\\\/11-patrick-olivier-interview-and-conclusion\\\/\"]}]},{\"@type\":\"ImageObject\",\"inLanguage\":\"en-US\",\"@id\":\"https:\\\/\\\/dunkerquelenergiecreative.fr\\\/en\\\/testimonials\\\/11-patrick-olivier-interview-and-conclusion\\\/#primaryimage\",\"url\":\"https:\\\/\\\/dunkerquelenergiecreative.fr\\\/wp-content\\\/uploads\\\/2024\\\/09\\\/Portrait-Bruno-Bonnell-1.jpg\",\"contentUrl\":\"https:\\\/\\\/dunkerquelenergiecreative.fr\\\/wp-content\\\/uploads\\\/2024\\\/09\\\/Portrait-Bruno-Bonnell-1.jpg\",\"width\":1066,\"height\":1056},{\"@type\":\"BreadcrumbList\",\"@id\":\"https:\\\/\\\/dunkerquelenergiecreative.fr\\\/en\\\/testimonials\\\/11-patrick-olivier-interview-and-conclusion\\\/#breadcrumb\",\"itemListElement\":[{\"@type\":\"ListItem\",\"position\":1,\"name\":\"Home\",\"item\":\"https:\\\/\\\/dunkerquelenergiecreative.fr\\\/en\\\/\"},{\"@type\":\"ListItem\",\"position\":2,\"name\":\"Testimonials\",\"item\":\"https:\\\/\\\/dunkerquelenergiecreative.fr\\\/en\\\/testimonials\\\/\"},{\"@type\":\"ListItem\",\"position\":3,\"name\":\"11\\\/ Patrick Olivier, interview and conclusion\"}]},{\"@type\":\"WebSite\",\"@id\":\"https:\\\/\\\/dunkerquelenergiecreative.fr\\\/en\\\/#website\",\"url\":\"https:\\\/\\\/dunkerquelenergiecreative.fr\\\/en\\\/\",\"name\":\"Dunkerque l'\u00c9nergie Cr\u00e9ative\",\"description\":\"Agence de d\u00e9veloppement \u00e9conomique \u00e0 Dunkerque\",\"publisher\":{\"@id\":\"https:\\\/\\\/dunkerquelenergiecreative.fr\\\/en\\\/#organization\"},\"potentialAction\":[{\"@type\":\"SearchAction\",\"target\":{\"@type\":\"EntryPoint\",\"urlTemplate\":\"https:\\\/\\\/dunkerquelenergiecreative.fr\\\/en\\\/?s={search_term_string}\"},\"query-input\":{\"@type\":\"PropertyValueSpecification\",\"valueRequired\":true,\"valueName\":\"search_term_string\"}}],\"inLanguage\":\"en-US\"},{\"@type\":\"Organization\",\"@id\":\"https:\\\/\\\/dunkerquelenergiecreative.fr\\\/en\\\/#organization\",\"name\":\"Dunkerque l'\u00c9nergie Cr\u00e9ative\",\"url\":\"https:\\\/\\\/dunkerquelenergiecreative.fr\\\/en\\\/\",\"logo\":{\"@type\":\"ImageObject\",\"inLanguage\":\"en-US\",\"@id\":\"https:\\\/\\\/dunkerquelenergiecreative.fr\\\/en\\\/#\\\/schema\\\/logo\\\/image\\\/\",\"url\":\"https:\\\/\\\/dunkerquelenergiecreative.fr\\\/wp-content\\\/uploads\\\/2025\\\/04\\\/logo-dunkerque.png\",\"contentUrl\":\"https:\\\/\\\/dunkerquelenergiecreative.fr\\\/wp-content\\\/uploads\\\/2025\\\/04\\\/logo-dunkerque.png\",\"width\":696,\"height\":696,\"caption\":\"Dunkerque l'\u00c9nergie Cr\u00e9ative\"},\"image\":{\"@id\":\"https:\\\/\\\/dunkerquelenergiecreative.fr\\\/en\\\/#\\\/schema\\\/logo\\\/image\\\/\"},\"sameAs\":[\"https:\\\/\\\/www.facebook.com\\\/Dunkerquelenergiecreative\",\"https:\\\/\\\/x.com\\\/ecosysteme_d\",\"https:\\\/\\\/fr.linkedin.com\\\/company\\\/dunkerque-l-energie-creative\",\"https:\\\/\\\/www.linkedin.com\\\/company\\\/ecosysteme-d\\\/\",\"https:\\\/\\\/www.instagram.com\\\/dunkerquelenergiecreative\\\/\"]},{\"@type\":\"Person\",\"@id\":\"https:\\\/\\\/dunkerquelenergiecreative.fr\\\/en\\\/#\\\/schema\\\/person\\\/4f4d9f251ad5dae05a4a0d5371fb3121\",\"name\":\"Fabienne Manceau\",\"image\":{\"@type\":\"ImageObject\",\"inLanguage\":\"en-US\",\"@id\":\"https:\\\/\\\/secure.gravatar.com\\\/avatar\\\/f74ed4c54cedec928b1e35df81291121075b2fad4a405c7ea4c1a09955ec6c62?s=96&d=mm&r=g\",\"url\":\"https:\\\/\\\/secure.gravatar.com\\\/avatar\\\/f74ed4c54cedec928b1e35df81291121075b2fad4a405c7ea4c1a09955ec6c62?s=96&d=mm&r=g\",\"contentUrl\":\"https:\\\/\\\/secure.gravatar.com\\\/avatar\\\/f74ed4c54cedec928b1e35df81291121075b2fad4a405c7ea4c1a09955ec6c62?s=96&d=mm&r=g\",\"caption\":\"Fabienne Manceau\"},\"sameAs\":[\"https:\\\/\\\/www.dunkerquepromotion.org\"]}]}<\/script>\n<!-- \/ Yoast SEO plugin. -->","yoast_head_json":{"title":"11\/ Patrick Olivier, interview and conclusion - Dunkerque l&#039;\u00c9nergie Cr\u00e9ative","description":"Read what Patrick OLIVIER, Director of the Ecological, Industrial and Agricultural Transition Unit at the General Secretariat, has to say.","robots":{"index":"index","follow":"follow","max-snippet":"max-snippet:-1","max-image-preview":"max-image-preview:large","max-video-preview":"max-video-preview:-1"},"canonical":"https:\/\/dunkerquelenergiecreative.fr\/en\/testimonials\/11-patrick-olivier-interview-and-conclusion\/","og_locale":"en_US","og_type":"article","og_title":"11\/ Patrick Olivier, interview and conclusion - Dunkerque l&#039;\u00c9nergie Cr\u00e9ative","og_description":"Read what Patrick OLIVIER, Director of the Ecological, Industrial and Agricultural Transition Unit at the General Secretariat, has to say.","og_url":"https:\/\/dunkerquelenergiecreative.fr\/en\/testimonials\/11-patrick-olivier-interview-and-conclusion\/","og_site_name":"Dunkerque l&#039;\u00c9nergie Cr\u00e9ative","article_publisher":"https:\/\/www.facebook.com\/Dunkerquelenergiecreative","article_published_time":"2023-10-30T08:39:39+00:00","article_modified_time":"2023-10-30T09:17:51+00:00","og_image":[{"width":255,"height":335,"url":"https:\/\/dunkerquelenergiecreative.fr\/wp-content\/uploads\/2023\/08\/Photo-Patrick-Olivier.jpeg","type":"image\/jpeg"}],"author":"Fabienne Manceau","twitter_card":"summary_large_image","twitter_creator":"@ecosysteme_d","twitter_site":"@ecosysteme_d","twitter_misc":{"Written by":"Fabienne Manceau"},"schema":{"@context":"https:\/\/schema.org","@graph":[{"@type":"Article","@id":"https:\/\/dunkerquelenergiecreative.fr\/en\/testimonials\/11-patrick-olivier-interview-and-conclusion\/#article","isPartOf":{"@id":"https:\/\/dunkerquelenergiecreative.fr\/en\/testimonials\/11-patrick-olivier-interview-and-conclusion\/"},"author":{"name":"Fabienne Manceau","@id":"https:\/\/dunkerquelenergiecreative.fr\/en\/#\/schema\/person\/4f4d9f251ad5dae05a4a0d5371fb3121"},"headline":"11\/ Patrick Olivier, interview and conclusion","datePublished":"2023-10-30T08:39:39+00:00","dateModified":"2023-10-30T09:17:51+00:00","mainEntityOfPage":{"@id":"https:\/\/dunkerquelenergiecreative.fr\/en\/testimonials\/11-patrick-olivier-interview-and-conclusion\/"},"wordCount":5,"publisher":{"@id":"https:\/\/dunkerquelenergiecreative.fr\/en\/#organization"},"image":{"@id":"https:\/\/dunkerquelenergiecreative.fr\/en\/testimonials\/11-patrick-olivier-interview-and-conclusion\/#primaryimage"},"thumbnailUrl":"https:\/\/dunkerquelenergiecreative.fr\/wp-content\/uploads\/2024\/09\/Portrait-Bruno-Bonnell-1.jpg","articleSection":["Testimonials"],"inLanguage":"en-US"},{"@type":"WebPage","@id":"https:\/\/dunkerquelenergiecreative.fr\/en\/testimonials\/11-patrick-olivier-interview-and-conclusion\/","url":"https:\/\/dunkerquelenergiecreative.fr\/en\/testimonials\/11-patrick-olivier-interview-and-conclusion\/","name":"11\/ Patrick Olivier, interview and conclusion - Dunkerque l&#039;\u00c9nergie Cr\u00e9ative","isPartOf":{"@id":"https:\/\/dunkerquelenergiecreative.fr\/en\/#website"},"primaryImageOfPage":{"@id":"https:\/\/dunkerquelenergiecreative.fr\/en\/testimonials\/11-patrick-olivier-interview-and-conclusion\/#primaryimage"},"image":{"@id":"https:\/\/dunkerquelenergiecreative.fr\/en\/testimonials\/11-patrick-olivier-interview-and-conclusion\/#primaryimage"},"thumbnailUrl":"https:\/\/dunkerquelenergiecreative.fr\/wp-content\/uploads\/2024\/09\/Portrait-Bruno-Bonnell-1.jpg","datePublished":"2023-10-30T08:39:39+00:00","dateModified":"2023-10-30T09:17:51+00:00","description":"Read what Patrick OLIVIER, Director of the Ecological, Industrial and Agricultural Transition Unit at the General Secretariat, has to say.","breadcrumb":{"@id":"https:\/\/dunkerquelenergiecreative.fr\/en\/testimonials\/11-patrick-olivier-interview-and-conclusion\/#breadcrumb"},"inLanguage":"en-US","potentialAction":[{"@type":"ReadAction","target":["https:\/\/dunkerquelenergiecreative.fr\/en\/testimonials\/11-patrick-olivier-interview-and-conclusion\/"]}]},{"@type":"ImageObject","inLanguage":"en-US","@id":"https:\/\/dunkerquelenergiecreative.fr\/en\/testimonials\/11-patrick-olivier-interview-and-conclusion\/#primaryimage","url":"https:\/\/dunkerquelenergiecreative.fr\/wp-content\/uploads\/2024\/09\/Portrait-Bruno-Bonnell-1.jpg","contentUrl":"https:\/\/dunkerquelenergiecreative.fr\/wp-content\/uploads\/2024\/09\/Portrait-Bruno-Bonnell-1.jpg","width":1066,"height":1056},{"@type":"BreadcrumbList","@id":"https:\/\/dunkerquelenergiecreative.fr\/en\/testimonials\/11-patrick-olivier-interview-and-conclusion\/#breadcrumb","itemListElement":[{"@type":"ListItem","position":1,"name":"Home","item":"https:\/\/dunkerquelenergiecreative.fr\/en\/"},{"@type":"ListItem","position":2,"name":"Testimonials","item":"https:\/\/dunkerquelenergiecreative.fr\/en\/testimonials\/"},{"@type":"ListItem","position":3,"name":"11\/ Patrick Olivier, interview and conclusion"}]},{"@type":"WebSite","@id":"https:\/\/dunkerquelenergiecreative.fr\/en\/#website","url":"https:\/\/dunkerquelenergiecreative.fr\/en\/","name":"Dunkerque l'\u00c9nergie Cr\u00e9ative","description":"Agence de d\u00e9veloppement \u00e9conomique \u00e0 Dunkerque","publisher":{"@id":"https:\/\/dunkerquelenergiecreative.fr\/en\/#organization"},"potentialAction":[{"@type":"SearchAction","target":{"@type":"EntryPoint","urlTemplate":"https:\/\/dunkerquelenergiecreative.fr\/en\/?s={search_term_string}"},"query-input":{"@type":"PropertyValueSpecification","valueRequired":true,"valueName":"search_term_string"}}],"inLanguage":"en-US"},{"@type":"Organization","@id":"https:\/\/dunkerquelenergiecreative.fr\/en\/#organization","name":"Dunkerque l'\u00c9nergie Cr\u00e9ative","url":"https:\/\/dunkerquelenergiecreative.fr\/en\/","logo":{"@type":"ImageObject","inLanguage":"en-US","@id":"https:\/\/dunkerquelenergiecreative.fr\/en\/#\/schema\/logo\/image\/","url":"https:\/\/dunkerquelenergiecreative.fr\/wp-content\/uploads\/2025\/04\/logo-dunkerque.png","contentUrl":"https:\/\/dunkerquelenergiecreative.fr\/wp-content\/uploads\/2025\/04\/logo-dunkerque.png","width":696,"height":696,"caption":"Dunkerque l'\u00c9nergie Cr\u00e9ative"},"image":{"@id":"https:\/\/dunkerquelenergiecreative.fr\/en\/#\/schema\/logo\/image\/"},"sameAs":["https:\/\/www.facebook.com\/Dunkerquelenergiecreative","https:\/\/x.com\/ecosysteme_d","https:\/\/fr.linkedin.com\/company\/dunkerque-l-energie-creative","https:\/\/www.linkedin.com\/company\/ecosysteme-d\/","https:\/\/www.instagram.com\/dunkerquelenergiecreative\/"]},{"@type":"Person","@id":"https:\/\/dunkerquelenergiecreative.fr\/en\/#\/schema\/person\/4f4d9f251ad5dae05a4a0d5371fb3121","name":"Fabienne Manceau","image":{"@type":"ImageObject","inLanguage":"en-US","@id":"https:\/\/secure.gravatar.com\/avatar\/f74ed4c54cedec928b1e35df81291121075b2fad4a405c7ea4c1a09955ec6c62?s=96&d=mm&r=g","url":"https:\/\/secure.gravatar.com\/avatar\/f74ed4c54cedec928b1e35df81291121075b2fad4a405c7ea4c1a09955ec6c62?s=96&d=mm&r=g","contentUrl":"https:\/\/secure.gravatar.com\/avatar\/f74ed4c54cedec928b1e35df81291121075b2fad4a405c7ea4c1a09955ec6c62?s=96&d=mm&r=g","caption":"Fabienne Manceau"},"sameAs":["https:\/\/www.dunkerquepromotion.org"]}]}},"_links":{"self":[{"href":"https:\/\/dunkerquelenergiecreative.fr\/en\/wp-json\/wp\/v2\/posts\/43068","targetHints":{"allow":["GET"]}}],"collection":[{"href":"https:\/\/dunkerquelenergiecreative.fr\/en\/wp-json\/wp\/v2\/posts"}],"about":[{"href":"https:\/\/dunkerquelenergiecreative.fr\/en\/wp-json\/wp\/v2\/types\/post"}],"author":[{"embeddable":true,"href":"https:\/\/dunkerquelenergiecreative.fr\/en\/wp-json\/wp\/v2\/users\/2"}],"replies":[{"embeddable":true,"href":"https:\/\/dunkerquelenergiecreative.fr\/en\/wp-json\/wp\/v2\/comments?post=43068"}],"version-history":[{"count":5,"href":"https:\/\/dunkerquelenergiecreative.fr\/en\/wp-json\/wp\/v2\/posts\/43068\/revisions"}],"predecessor-version":[{"id":43088,"href":"https:\/\/dunkerquelenergiecreative.fr\/en\/wp-json\/wp\/v2\/posts\/43068\/revisions\/43088"}],"wp:featuredmedia":[{"embeddable":true,"href":"https:\/\/dunkerquelenergiecreative.fr\/en\/wp-json\/wp\/v2\/media\/54868"}],"wp:attachment":[{"href":"https:\/\/dunkerquelenergiecreative.fr\/en\/wp-json\/wp\/v2\/media?parent=43068"}],"wp:term":[{"taxonomy":"category","embeddable":true,"href":"https:\/\/dunkerquelenergiecreative.fr\/en\/wp-json\/wp\/v2\/categories?post=43068"},{"taxonomy":"post_tag","embeddable":true,"href":"https:\/\/dunkerquelenergiecreative.fr\/en\/wp-json\/wp\/v2\/tags?post=43068"},{"taxonomy":"thematic","embeddable":true,"href":"https:\/\/dunkerquelenergiecreative.fr\/en\/wp-json\/wp\/v2\/thematic?post=43068"}],"curies":[{"name":"wp","href":"https:\/\/api.w.org\/{rel}","templated":true}]}}